{"id":5843,"date":"2019-04-20T17:24:41","date_gmt":"2019-04-20T17:24:41","guid":{"rendered":"https:\/\/avalencia.com\/street-art-in-valencia\/"},"modified":"2022-12-01T19:35:28","modified_gmt":"2022-12-01T19:35:28","slug":"strassenkunst-in-valencia","status":"publish","type":"post","link":"https:\/\/avalencia.com\/de\/strassenkunst-in-valencia\/","title":{"rendered":"Stra\u00dfenkunst in Valencia"},"content":{"rendered":"\n<h2 class=\"wp-block-heading\">Stra\u00dfenkunst &#8211; Graffiti in Valencia &#8211; hat sich im Laufe der Zeit entwickelt. Vom Vandalismus zu einer der popul\u00e4rsten Kunstformen moderner Kunst, obwohl es sich leider um kurzlebige Kunstwerke handelt.<\/h2>\n\n\n\n<h4 class=\"wp-block-heading\">Seit einigen Jahren werden F\u00fchrungen im Zusammenhang mit urbaner Kunst (Graffiti) durchgef\u00fchrt, die immer beliebter wird.<\/h4>\n\n\n\n<figure class=\"wp-block-embed is-type-video is-provider-youtube wp-block-embed-youtube wp-embed-aspect-16-9 wp-has-aspect-ratio\"><div class=\"wp-block-embed__wrapper\">\n<div class='avia-iframe-wrap'><iframe title=\"Visita guiada Grafiti Valencia\" width=\"1500\" height=\"844\" src=\"https:\/\/www.youtube.com\/embed\/AjiHII9ZhfI?feature=oembed\" frameborder=\"0\" allow=\"accelerometer; autoplay; clipboard-write; encrypted-media; gyroscope; picture-in-picture\" allowfullscreen><\/iframe><\/div>\n<\/div><\/figure>\n\n\n\n<figure class=\"wp-block-gallery has-nested-images columns-default is-cropped wp-block-gallery-1 is-layout-flex wp-block-gallery-is-layout-flex\">\n<figure class=\"wp-block-image size-large\"><a href=\"https:\/\/avalencia.com\/wp-content\/uploads\/2019\/04\/01-GL1-Grafitis-26-05-2018-20-1024x768-1.webp\"><img decoding=\"async\" width=\"950\" height=\"637\" data-id=\"18021\" src=\"https:\/\/avalencia.com\/wp-content\/uploads\/2019\/04\/01-GL1-Grafitis-26-05-2018-20-1024x768-1.webp\" alt=\"Spaziergang durch das Viertel El Carmen \" class=\"wp-image-18021\" srcset=\"https:\/\/avalencia.com\/wp-content\/uploads\/2019\/04\/01-GL1-Grafitis-26-05-2018-20-1024x768-1.webp 950w, https:\/\/avalencia.com\/wp-content\/uploads\/2019\/04\/01-GL1-Grafitis-26-05-2018-20-1024x768-1-300x201.webp 300w, https:\/\/avalencia.com\/wp-content\/uploads\/2019\/04\/01-GL1-Grafitis-26-05-2018-20-1024x768-1-768x515.webp 768w, https:\/\/avalencia.com\/wp-content\/uploads\/2019\/04\/01-GL1-Grafitis-26-05-2018-20-1024x768-1-705x473.webp 705w\" sizes=\"(max-width: 950px) 100vw, 950px\" \/><\/a><\/figure>\n\n\n\n<figure class=\"wp-block-image size-large\"><a href=\"https:\/\/avalencia.com\/wp-content\/uploads\/2019\/04\/02-GL1-Grafiti-26-05-2018-27-999x749-1.webp\"><img decoding=\"async\" width=\"950\" height=\"712\" data-id=\"18026\" src=\"https:\/\/avalencia.com\/wp-content\/uploads\/2019\/04\/02-GL1-Grafiti-26-05-2018-27-999x749-1.webp\" alt=\"\" class=\"wp-image-18026\" srcset=\"https:\/\/avalencia.com\/wp-content\/uploads\/2019\/04\/02-GL1-Grafiti-26-05-2018-27-999x749-1.webp 950w, https:\/\/avalencia.com\/wp-content\/uploads\/2019\/04\/02-GL1-Grafiti-26-05-2018-27-999x749-1-300x225.webp 300w, https:\/\/avalencia.com\/wp-content\/uploads\/2019\/04\/02-GL1-Grafiti-26-05-2018-27-999x749-1-768x576.webp 768w, https:\/\/avalencia.com\/wp-content\/uploads\/2019\/04\/02-GL1-Grafiti-26-05-2018-27-999x749-1-705x528.webp 705w\" sizes=\"(max-width: 950px) 100vw, 950px\" \/><\/a><\/figure>\n\n\n\n<figure class=\"wp-block-image size-large\"><a href=\"https:\/\/avalencia.com\/wp-content\/uploads\/2019\/04\/03-GL1-Grafitis-26-05-2018-21-1024x768-1.webp\"><img decoding=\"async\" width=\"950\" height=\"637\" data-id=\"18031\" src=\"https:\/\/avalencia.com\/wp-content\/uploads\/2019\/04\/03-GL1-Grafitis-26-05-2018-21-1024x768-1.webp\" alt=\"\" class=\"wp-image-18031\" srcset=\"https:\/\/avalencia.com\/wp-content\/uploads\/2019\/04\/03-GL1-Grafitis-26-05-2018-21-1024x768-1.webp 950w, https:\/\/avalencia.com\/wp-content\/uploads\/2019\/04\/03-GL1-Grafitis-26-05-2018-21-1024x768-1-300x201.webp 300w, https:\/\/avalencia.com\/wp-content\/uploads\/2019\/04\/03-GL1-Grafitis-26-05-2018-21-1024x768-1-768x515.webp 768w, https:\/\/avalencia.com\/wp-content\/uploads\/2019\/04\/03-GL1-Grafitis-26-05-2018-21-1024x768-1-705x473.webp 705w\" sizes=\"(max-width: 950px) 100vw, 950px\" \/><\/a><\/figure>\n<\/figure>\n\n\n\n<h4 class=\"wp-block-heading\"><strong>Ein Spaziergang durch das Viertel El Carmen <\/strong>&#8230;<\/h4>\n\n\n\n<p>Es ist wie durch die G\u00e4nge eines Freilichtmuseums, in dem K\u00fcnstler wie Blu, Escif, la Nena, Julieta, Deih, Xel\u00f3n, Blu, Lu\u00eds Lonjedo, Disneylexya oder Lim\u00f3n&#8230;.  eine Spur ihres Talents hinterlassen haben.<br>Sogar einige Stra\u00dfen haben jetzt komplette Mauern mit  Stra\u00dfenkunst:<br>Wir werden die so genannte <strong>&#8220;Stra\u00dfe der Farben&#8221;<\/strong> \u2013 sehen, eine Initiative des Studios des Fotografen Alfonso Calza. <\/p>\n\n\n\n<p>Es geht um eine bekannte Stra\u03b2e (calle Moret), wo mehrere Stra\u00dfenkunstwerke auf einer 60 Meter langen Wand, abgebildet werden und von verschiedenen Graffiti-K\u00fcnstlern oder Malern wie Luis Lonjedo durchgef\u00fchrt werden.<br>Unter ihnen m\u00fcssen wir den ber\u00fchmten \u201eValencia Kuss &#8211; das Geheimnis eines Kusses -\u201c hervorheben, mit dem Hashtag #kissmeVLC, das alle die es sehen, dazu ermutigt sich zu k\u00fcssen und sich fotografieren zu lassen.<\/p>\n\n\n\n<p>Auch sehr interessant ist das im Volksmund als <strong>&#8220;humanit\u00e4re Stra\u00dfe oder Stra\u00dfe des Roten Kreuzes<\/strong>&#8221; bezeichnete Wandgem\u00e4lde, das die Werte und Prinzipien des Roten Kreuzes vermittelt und sich seit 2016 in dieser Stra\u00dfe befindet.<br>Aber Graffiti &#8211; oder Kunstwerke aus der Stadt &#8211; schm\u00fccken nicht nur die W\u00e4nde, sondern auch Rolll\u00e4den und Fassaden. Neben der Kategorie von Graffiti gibt es auch Stoffbilder mit Fotografien, Wollgraffiti, Aufkleber, Plastikfolie (Plastiksticker) usw \u2026<\/p>\n\n\n\n<figure class=\"wp-block-gallery has-nested-images columns-default is-cropped wp-block-gallery-2 is-layout-flex wp-block-gallery-is-layout-flex\">\n<figure class=\"wp-block-image size-large\"><a href=\"https:\/\/avalencia.com\/wp-content\/uploads\/2019\/04\/08-GL2-Grafiti-17-06-201802-999x749movil.webp\"><img decoding=\"async\" width=\"950\" height=\"712\" data-id=\"18056\" src=\"https:\/\/avalencia.com\/wp-content\/uploads\/2019\/04\/08-GL2-Grafiti-17-06-201802-999x749movil.webp\" alt=\"\" class=\"wp-image-18056\" srcset=\"https:\/\/avalencia.com\/wp-content\/uploads\/2019\/04\/08-GL2-Grafiti-17-06-201802-999x749movil.webp 950w, https:\/\/avalencia.com\/wp-content\/uploads\/2019\/04\/08-GL2-Grafiti-17-06-201802-999x749movil-300x225.webp 300w, https:\/\/avalencia.com\/wp-content\/uploads\/2019\/04\/08-GL2-Grafiti-17-06-201802-999x749movil-768x576.webp 768w, https:\/\/avalencia.com\/wp-content\/uploads\/2019\/04\/08-GL2-Grafiti-17-06-201802-999x749movil-705x528.webp 705w\" sizes=\"(max-width: 950px) 100vw, 950px\" \/><\/a><\/figure>\n\n\n\n<figure class=\"wp-block-image size-large\"><a href=\"https:\/\/avalencia.com\/wp-content\/uploads\/2019\/04\/06-GL2-Grafitis-avalencia.webp\"><img decoding=\"async\" width=\"950\" height=\"712\" data-id=\"18046\" src=\"https:\/\/avalencia.com\/wp-content\/uploads\/2019\/04\/06-GL2-Grafitis-avalencia.webp\" alt=\"Graffiti Touren\" class=\"wp-image-18046\" srcset=\"https:\/\/avalencia.com\/wp-content\/uploads\/2019\/04\/06-GL2-Grafitis-avalencia.webp 950w, https:\/\/avalencia.com\/wp-content\/uploads\/2019\/04\/06-GL2-Grafitis-avalencia-300x225.webp 300w, https:\/\/avalencia.com\/wp-content\/uploads\/2019\/04\/06-GL2-Grafitis-avalencia-768x576.webp 768w, https:\/\/avalencia.com\/wp-content\/uploads\/2019\/04\/06-GL2-Grafitis-avalencia-705x528.webp 705w\" sizes=\"(max-width: 950px) 100vw, 950px\" \/><\/a><\/figure>\n\n\n\n<figure class=\"wp-block-image size-large\"><a href=\"https:\/\/avalencia.com\/wp-content\/uploads\/2019\/04\/07-GL2-Grafitis-CalleSanRamon.webp\"><img decoding=\"async\" width=\"950\" height=\"712\" data-id=\"18051\" src=\"https:\/\/avalencia.com\/wp-content\/uploads\/2019\/04\/07-GL2-Grafitis-CalleSanRamon.webp\" alt=\"Deih graffiti Touren in Valencia\" class=\"wp-image-18051\" srcset=\"https:\/\/avalencia.com\/wp-content\/uploads\/2019\/04\/07-GL2-Grafitis-CalleSanRamon.webp 950w, https:\/\/avalencia.com\/wp-content\/uploads\/2019\/04\/07-GL2-Grafitis-CalleSanRamon-300x225.webp 300w, https:\/\/avalencia.com\/wp-content\/uploads\/2019\/04\/07-GL2-Grafitis-CalleSanRamon-768x576.webp 768w, https:\/\/avalencia.com\/wp-content\/uploads\/2019\/04\/07-GL2-Grafitis-CalleSanRamon-705x528.webp 705w\" sizes=\"(max-width: 950px) 100vw, 950px\" \/><\/a><\/figure>\n\n\n\n<figure class=\"wp-block-image size-large\"><a href=\"https:\/\/avalencia.com\/wp-content\/uploads\/2019\/04\/09-GL2-avalencia.webp\"><img decoding=\"async\" width=\"950\" height=\"712\" data-id=\"18061\" src=\"https:\/\/avalencia.com\/wp-content\/uploads\/2019\/04\/09-GL2-avalencia.webp\" alt=\"Julieta - Graffiti F\u00fchrung\" class=\"wp-image-18061\" srcset=\"https:\/\/avalencia.com\/wp-content\/uploads\/2019\/04\/09-GL2-avalencia.webp 950w, https:\/\/avalencia.com\/wp-content\/uploads\/2019\/04\/09-GL2-avalencia-300x225.webp 300w, https:\/\/avalencia.com\/wp-content\/uploads\/2019\/04\/09-GL2-avalencia-768x576.webp 768w, https:\/\/avalencia.com\/wp-content\/uploads\/2019\/04\/09-GL2-avalencia-705x528.webp 705w\" sizes=\"(max-width: 950px) 100vw, 950px\" \/><\/a><\/figure>\n\n\n\n<figure class=\"wp-block-image size-large\"><a href=\"https:\/\/avalencia.com\/wp-content\/uploads\/2019\/04\/10-GL2-WP_20180618_18_06_56_Pro-foto-movil.webp\"><img decoding=\"async\" width=\"950\" height=\"533\" data-id=\"18066\" src=\"https:\/\/avalencia.com\/wp-content\/uploads\/2019\/04\/10-GL2-WP_20180618_18_06_56_Pro-foto-movil.webp\" alt=\"Grafiti Valencia \" class=\"wp-image-18066\" srcset=\"https:\/\/avalencia.com\/wp-content\/uploads\/2019\/04\/10-GL2-WP_20180618_18_06_56_Pro-foto-movil.webp 950w, https:\/\/avalencia.com\/wp-content\/uploads\/2019\/04\/10-GL2-WP_20180618_18_06_56_Pro-foto-movil-300x168.webp 300w, https:\/\/avalencia.com\/wp-content\/uploads\/2019\/04\/10-GL2-WP_20180618_18_06_56_Pro-foto-movil-768x431.webp 768w, https:\/\/avalencia.com\/wp-content\/uploads\/2019\/04\/10-GL2-WP_20180618_18_06_56_Pro-foto-movil-705x396.webp 705w\" sizes=\"(max-width: 950px) 100vw, 950px\" \/><\/a><\/figure>\n\n\n\n<figure class=\"wp-block-image size-large\"><a href=\"https:\/\/avalencia.com\/wp-content\/uploads\/2019\/04\/11-GL2-20180617_123202-Internet-Wotpress.webp\"><img decoding=\"async\" width=\"950\" height=\"712\" data-id=\"18071\" src=\"https:\/\/avalencia.com\/wp-content\/uploads\/2019\/04\/11-GL2-20180617_123202-Internet-Wotpress.webp\" alt=\"David de Limon - grafiti Valencia\" class=\"wp-image-18071\" srcset=\"https:\/\/avalencia.com\/wp-content\/uploads\/2019\/04\/11-GL2-20180617_123202-Internet-Wotpress.webp 950w, https:\/\/avalencia.com\/wp-content\/uploads\/2019\/04\/11-GL2-20180617_123202-Internet-Wotpress-300x225.webp 300w, https:\/\/avalencia.com\/wp-content\/uploads\/2019\/04\/11-GL2-20180617_123202-Internet-Wotpress-768x576.webp 768w, https:\/\/avalencia.com\/wp-content\/uploads\/2019\/04\/11-GL2-20180617_123202-Internet-Wotpress-705x528.webp 705w\" sizes=\"(max-width: 950px) 100vw, 950px\" \/><\/a><\/figure>\n<\/figure>\n\n\n\n<h4 class=\"wp-block-heading\"><strong>Wir k\u00f6nnen kombinierte \u201eStreet Art\u201c -Touren unternehmen und die Geschichte des beliebten Boheme- Viertel El Carmen beleuchten<\/strong>. <\/h4>\n\n\n\n<p>Denkm\u00e4ler, wie das Portal de Valldigna, das den Zugang zur &#8220;<a href=\"http:\/\/mhv.valencia.es\/en\/living-history\" target=\"_blank\" rel=\"noreferrer noopener\">Morer\u00eda&#8221;<\/a> erm\u00f6glichte, das Tor, das die christliche Stadt von der Moreria von Valencia trennte (wo die Mauren nach der R\u00fcckeroberung von K\u00f6nig Jakob I ausgelagert wurden), sind ein Wahrzeichen dieses Viertels.<\/p>\n\n\n\n<h4 class=\"wp-block-heading\"><strong>Wir k\u00f6nnen das Centre del Carme (ehemaliges Kloster des Karmeliten -Ordens), das dem Viertel seinen Namen gibt besuchen<\/strong>. <\/h4>\n\n\n\n<p>Heute hat sich der Carmen Zentrum in einen Kultur -und Ausstellungsraum verwandelt.<\/p>\n\n\n\n<p><strong>Probieren Sie &#8220;agua de valencia&#8221; an einem typischen Ort<\/strong> der &#8220;movida valenciana&#8221; auf der Stra\u00dfe Alta, Baja, Plaza del Tossal\u2026. und sogar in einem alten Keller aus dem 13. Jahrhundert, spazieren Sie durch enge Stra\u00dfen &#8211; Sackgassen, sehen Sie Reste der islamischen Stadtmauer, das winzige Haus der Katzen \u2026<\/p>\n\n\n\n<p><strong>Bis bald in dem Viertel el Carmen<\/strong> und Street Art in Valencia !<\/p>\n\n\n\n<figure class=\"wp-block-gallery has-nested-images columns-default is-cropped wp-block-gallery-3 is-layout-flex wp-block-gallery-is-layout-flex\">\n<figure class=\"wp-block-image size-large\"><a href=\"https:\/\/avalencia.com\/wp-content\/uploads\/2019\/04\/11-GL3-Grafitis-26-05-2018-4-1024x768-1.webp\"><img decoding=\"async\" width=\"950\" height=\"637\" data-id=\"18076\" src=\"https:\/\/avalencia.com\/wp-content\/uploads\/2019\/04\/11-GL3-Grafitis-26-05-2018-4-1024x768-1.webp\" alt=\"\" class=\"wp-image-18076\" srcset=\"https:\/\/avalencia.com\/wp-content\/uploads\/2019\/04\/11-GL3-Grafitis-26-05-2018-4-1024x768-1.webp 950w, https:\/\/avalencia.com\/wp-content\/uploads\/2019\/04\/11-GL3-Grafitis-26-05-2018-4-1024x768-1-300x201.webp 300w, https:\/\/avalencia.com\/wp-content\/uploads\/2019\/04\/11-GL3-Grafitis-26-05-2018-4-1024x768-1-768x515.webp 768w, https:\/\/avalencia.com\/wp-content\/uploads\/2019\/04\/11-GL3-Grafitis-26-05-2018-4-1024x768-1-705x473.webp 705w\" sizes=\"(max-width: 950px) 100vw, 950px\" \/><\/a><\/figure>\n\n\n\n<figure class=\"wp-block-image size-large\"><a href=\"https:\/\/avalencia.com\/wp-content\/uploads\/2019\/04\/12-GL3-Disneylexya-AlvaroJavier-18-06-2018-999x749movil.webp\"><img decoding=\"async\" width=\"950\" height=\"712\" data-id=\"18081\" src=\"https:\/\/avalencia.com\/wp-content\/uploads\/2019\/04\/12-GL3-Disneylexya-AlvaroJavier-18-06-2018-999x749movil.webp\" alt=\"\" class=\"wp-image-18081\" srcset=\"https:\/\/avalencia.com\/wp-content\/uploads\/2019\/04\/12-GL3-Disneylexya-AlvaroJavier-18-06-2018-999x749movil.webp 950w, https:\/\/avalencia.com\/wp-content\/uploads\/2019\/04\/12-GL3-Disneylexya-AlvaroJavier-18-06-2018-999x749movil-300x225.webp 300w, https:\/\/avalencia.com\/wp-content\/uploads\/2019\/04\/12-GL3-Disneylexya-AlvaroJavier-18-06-2018-999x749movil-768x576.webp 768w, https:\/\/avalencia.com\/wp-content\/uploads\/2019\/04\/12-GL3-Disneylexya-AlvaroJavier-18-06-2018-999x749movil-705x528.webp 705w\" sizes=\"(max-width: 950px) 100vw, 950px\" \/><\/a><\/figure>\n\n\n\n<figure class=\"wp-block-image size-large\"><a href=\"https:\/\/avalencia.com\/wp-content\/uploads\/2019\/04\/13-GL3-WP_20180617_13_07_31_Pro-foto-movil.webp\"><img decoding=\"async\" width=\"950\" height=\"533\" data-id=\"18086\" src=\"https:\/\/avalencia.com\/wp-content\/uploads\/2019\/04\/13-GL3-WP_20180617_13_07_31_Pro-foto-movil.webp\" alt=\"\" class=\"wp-image-18086\" srcset=\"https:\/\/avalencia.com\/wp-content\/uploads\/2019\/04\/13-GL3-WP_20180617_13_07_31_Pro-foto-movil.webp 950w, https:\/\/avalencia.com\/wp-content\/uploads\/2019\/04\/13-GL3-WP_20180617_13_07_31_Pro-foto-movil-300x168.webp 300w, https:\/\/avalencia.com\/wp-content\/uploads\/2019\/04\/13-GL3-WP_20180617_13_07_31_Pro-foto-movil-768x431.webp 768w, https:\/\/avalencia.com\/wp-content\/uploads\/2019\/04\/13-GL3-WP_20180617_13_07_31_Pro-foto-movil-705x396.webp 705w\" sizes=\"(max-width: 950px) 100vw, 950px\" \/><\/a><\/figure>\n\n\n\n<figure class=\"wp-block-image size-large\"><a href=\"https:\/\/avalencia.com\/wp-content\/uploads\/2019\/04\/14-GL3-Xemayo-calleBaja.webp\"><img decoding=\"async\" width=\"950\" height=\"948\" data-id=\"18091\" src=\"https:\/\/avalencia.com\/wp-content\/uploads\/2019\/04\/14-GL3-Xemayo-calleBaja.webp\" alt=\"\" class=\"wp-image-18091\" srcset=\"https:\/\/avalencia.com\/wp-content\/uploads\/2019\/04\/14-GL3-Xemayo-calleBaja.webp 950w, https:\/\/avalencia.com\/wp-content\/uploads\/2019\/04\/14-GL3-Xemayo-calleBaja-300x300.webp 300w, https:\/\/avalencia.com\/wp-content\/uploads\/2019\/04\/14-GL3-Xemayo-calleBaja-788x786.webp 788w, https:\/\/avalencia.com\/wp-content\/uploads\/2019\/04\/14-GL3-Xemayo-calleBaja-120x120.webp 120w, https:\/\/avalencia.com\/wp-content\/uploads\/2019\/04\/14-GL3-Xemayo-calleBaja-768x766.webp 768w, https:\/\/avalencia.com\/wp-content\/uploads\/2019\/04\/14-GL3-Xemayo-calleBaja-36x36.webp 36w, https:\/\/avalencia.com\/wp-content\/uploads\/2019\/04\/14-GL3-Xemayo-calleBaja-180x180.webp 180w, https:\/\/avalencia.com\/wp-content\/uploads\/2019\/04\/14-GL3-Xemayo-calleBaja-705x705.webp 705w, https:\/\/avalencia.com\/wp-content\/uploads\/2019\/04\/14-GL3-Xemayo-calleBaja-600x600.webp 600w\" sizes=\"(max-width: 950px) 100vw, 950px\" \/><\/a><\/figure>\n\n\n\n<figure class=\"wp-block-image size-large\"><a href=\"https:\/\/avalencia.com\/wp-content\/uploads\/2019\/04\/15-GL3-LastresgraciasPuchiavo-Carmen.webp\"><img decoding=\"async\" width=\"950\" height=\"713\" data-id=\"18096\" src=\"https:\/\/avalencia.com\/wp-content\/uploads\/2019\/04\/15-GL3-LastresgraciasPuchiavo-Carmen.webp\" alt=\"\" class=\"wp-image-18096\" srcset=\"https:\/\/avalencia.com\/wp-content\/uploads\/2019\/04\/15-GL3-LastresgraciasPuchiavo-Carmen.webp 950w, https:\/\/avalencia.com\/wp-content\/uploads\/2019\/04\/15-GL3-LastresgraciasPuchiavo-Carmen-300x225.webp 300w, https:\/\/avalencia.com\/wp-content\/uploads\/2019\/04\/15-GL3-LastresgraciasPuchiavo-Carmen-768x576.webp 768w, https:\/\/avalencia.com\/wp-content\/uploads\/2019\/04\/15-GL3-LastresgraciasPuchiavo-Carmen-705x529.webp 705w\" sizes=\"(max-width: 950px) 100vw, 950px\" \/><\/a><\/figure>\n<\/figure>\n\n\n\n<div class=\"wp-block-buttons is-horizontal is-content-justification-center is-layout-flex wp-container-core-buttons-is-layout-1 wp-block-buttons-is-layout-flex\">\n<div class=\"wp-block-button\"><a class=\"wp-block-button__link wp-element-button\" href=\"https:\/\/avalencia.com\/de\/kontakt\/\" target=\"_blank\" rel=\"noreferrer noopener\">Contakt<\/a><\/div>\n<\/div>\n\n\n\n<p><\/p>\n","protected":false},"excerpt":{"rendered":"<p>Stra\u00dfenkunst &#8211; Graffiti in Valencia &#8211; hat sich im Laufe der Zeit entwickelt. Vom Vandalismus zu einer der popul\u00e4rsten Kunstformen moderner Kunst, obwohl es sich leider um kurzlebige Kunstwerke handelt. Seit einigen Jahren werden F\u00fchrungen im Zusammenhang mit urbaner Kunst (Graffiti) durchgef\u00fchrt, die immer beliebter wird. Ein Spaziergang durch das Viertel El Carmen &#8230; Es [&hellip;]<\/p>\n","protected":false},"author":3,"featured_media":18016,"comment_status":"closed","ping_status":"closed","sticky":false,"template":"","format":"standard","meta":{"footnotes":""},"categories":[109],"tags":[],"class_list":["post-5843","post","type-post","status-publish","format-standard","has-post-thumbnail","hentry","category-stadtfuehrungen-in-valencia"],"yoast_head":"<!-- This site is optimized with the Yoast SEO plugin v26.8 - https:\/\/yoast.com\/product\/yoast-seo-wordpress\/ -->\n<title>Stra\u00dfenkunst in Valencia- Graffiti-Touren mit einheimischem Guide<\/title>\n<meta name=\"description\" content=\"Stra\u00dfenkunst in Valencia, ein Spaziergang durch das Viertel El Carmen ist wie durch die G\u00e4nge eines Freilichtmuseums. Buchen Sie bei AValencia!\" \/>\n<meta name=\"robots\" content=\"index, follow, max-snippet:-1, max-image-preview:large, max-video-preview:-1\" \/>\n<link rel=\"canonical\" href=\"https:\/\/avalencia.com\/de\/strassenkunst-in-valencia\/\" \/>\n<meta property=\"og:locale\" content=\"de_DE\" \/>\n<meta property=\"og:type\" content=\"article\" \/>\n<meta property=\"og:title\" content=\"Stra\u00dfenkunst in Valencia- Graffiti-Touren mit einheimischem Guide\" \/>\n<meta property=\"og:description\" content=\"Stra\u00dfenkunst in Valencia, ein Spaziergang durch das Viertel El Carmen ist wie durch die G\u00e4nge eines Freilichtmuseums. Buchen Sie bei AValencia!\" \/>\n<meta property=\"og:url\" content=\"https:\/\/avalencia.com\/de\/strassenkunst-in-valencia\/\" \/>\n<meta property=\"og:site_name\" content=\"AVALENCIA\" \/>\n<meta property=\"article:publisher\" content=\"https:\/\/www.facebook.com\/angela.marisoler\" \/>\n<meta property=\"article:author\" content=\"www.facebook.com\/angela.marisoler\" \/>\n<meta property=\"article:published_time\" content=\"2019-04-20T17:24:41+00:00\" \/>\n<meta property=\"article:modified_time\" content=\"2022-12-01T19:35:28+00:00\" \/>\n<meta property=\"og:image\" content=\"https:\/\/avalencia.com\/wp-content\/uploads\/2019\/04\/destacada-grafitis-20180617_123605.webp\" \/>\n\t<meta property=\"og:image:width\" content=\"999\" \/>\n\t<meta property=\"og:image:height\" content=\"749\" \/>\n\t<meta property=\"og:image:type\" content=\"image\/webp\" \/>\n<meta name=\"author\" content=\"Angela Mar\u00ed\" \/>\n<meta name=\"twitter:card\" content=\"summary_large_image\" \/>\n<meta name=\"twitter:creator\" content=\"@https:\/\/twitter.com\/GuiaAvalencia\" \/>\n<meta name=\"twitter:site\" content=\"@angelamari400\" \/>\n<meta name=\"twitter:label1\" content=\"Written by\" \/>\n\t<meta name=\"twitter:data1\" content=\"Angela Mar\u00ed\" \/>\n\t<meta name=\"twitter:label2\" content=\"Est. reading time\" \/>\n\t<meta name=\"twitter:data2\" content=\"5 minutes\" \/>\n<script type=\"application\/ld+json\" class=\"yoast-schema-graph\">{\"@context\":\"https:\/\/schema.org\",\"@graph\":[{\"@type\":\"Article\",\"@id\":\"https:\/\/avalencia.com\/de\/strassenkunst-in-valencia\/#article\",\"isPartOf\":{\"@id\":\"https:\/\/avalencia.com\/de\/strassenkunst-in-valencia\/\"},\"author\":{\"name\":\"Angela Mar\u00ed\",\"@id\":\"https:\/\/avalencia.com\/de\/#\/schema\/person\/74ce956856cc62eb244be68602e9f6b8\"},\"headline\":\"Stra\u00dfenkunst in Valencia\",\"datePublished\":\"2019-04-20T17:24:41+00:00\",\"dateModified\":\"2022-12-01T19:35:28+00:00\",\"mainEntityOfPage\":{\"@id\":\"https:\/\/avalencia.com\/de\/strassenkunst-in-valencia\/\"},\"wordCount\":434,\"publisher\":{\"@id\":\"https:\/\/avalencia.com\/de\/#organization\"},\"image\":{\"@id\":\"https:\/\/avalencia.com\/de\/strassenkunst-in-valencia\/#primaryimage\"},\"thumbnailUrl\":\"https:\/\/avalencia.com\/wp-content\/uploads\/2019\/04\/destacada-grafitis-20180617_123605.webp\",\"articleSection\":[\"Stadtf\u00fchrungen in Valencia\"],\"inLanguage\":\"de-DE\"},{\"@type\":\"WebPage\",\"@id\":\"https:\/\/avalencia.com\/de\/strassenkunst-in-valencia\/\",\"url\":\"https:\/\/avalencia.com\/de\/strassenkunst-in-valencia\/\",\"name\":\"Stra\u00dfenkunst in Valencia- Graffiti-Touren mit einheimischem Guide\",\"isPartOf\":{\"@id\":\"https:\/\/avalencia.com\/de\/#website\"},\"primaryImageOfPage\":{\"@id\":\"https:\/\/avalencia.com\/de\/strassenkunst-in-valencia\/#primaryimage\"},\"image\":{\"@id\":\"https:\/\/avalencia.com\/de\/strassenkunst-in-valencia\/#primaryimage\"},\"thumbnailUrl\":\"https:\/\/avalencia.com\/wp-content\/uploads\/2019\/04\/destacada-grafitis-20180617_123605.webp\",\"datePublished\":\"2019-04-20T17:24:41+00:00\",\"dateModified\":\"2022-12-01T19:35:28+00:00\",\"description\":\"Stra\u00dfenkunst in Valencia, ein Spaziergang durch das Viertel El Carmen ist wie durch die G\u00e4nge eines Freilichtmuseums. Buchen Sie bei AValencia!\",\"breadcrumb\":{\"@id\":\"https:\/\/avalencia.com\/de\/strassenkunst-in-valencia\/#breadcrumb\"},\"inLanguage\":\"de-DE\",\"potentialAction\":[{\"@type\":\"ReadAction\",\"target\":[\"https:\/\/avalencia.com\/de\/strassenkunst-in-valencia\/\"]}]},{\"@type\":\"ImageObject\",\"inLanguage\":\"de-DE\",\"@id\":\"https:\/\/avalencia.com\/de\/strassenkunst-in-valencia\/#primaryimage\",\"url\":\"https:\/\/avalencia.com\/wp-content\/uploads\/2019\/04\/destacada-grafitis-20180617_123605.webp\",\"contentUrl\":\"https:\/\/avalencia.com\/wp-content\/uploads\/2019\/04\/destacada-grafitis-20180617_123605.webp\",\"width\":999,\"height\":749},{\"@type\":\"BreadcrumbList\",\"@id\":\"https:\/\/avalencia.com\/de\/strassenkunst-in-valencia\/#breadcrumb\",\"itemListElement\":[{\"@type\":\"ListItem\",\"position\":1,\"name\":\"Portada\",\"item\":\"https:\/\/avalencia.com\/de\/\"},{\"@type\":\"ListItem\",\"position\":2,\"name\":\"Stra\u00dfenkunst in Valencia\"}]},{\"@type\":\"WebSite\",\"@id\":\"https:\/\/avalencia.com\/de\/#website\",\"url\":\"https:\/\/avalencia.com\/de\/\",\"name\":\"AVALENCIA\",\"description\":\"Visitas culturales por Valencia y alrededores\",\"publisher\":{\"@id\":\"https:\/\/avalencia.com\/de\/#organization\"},\"potentialAction\":[{\"@type\":\"SearchAction\",\"target\":{\"@type\":\"EntryPoint\",\"urlTemplate\":\"https:\/\/avalencia.com\/de\/?s={search_term_string}\"},\"query-input\":{\"@type\":\"PropertyValueSpecification\",\"valueRequired\":true,\"valueName\":\"search_term_string\"}}],\"inLanguage\":\"de-DE\"},{\"@type\":\"Organization\",\"@id\":\"https:\/\/avalencia.com\/de\/#organization\",\"name\":\"Gu\u00eda Valencia\",\"url\":\"https:\/\/avalencia.com\/de\/\",\"logo\":{\"@type\":\"ImageObject\",\"inLanguage\":\"de-DE\",\"@id\":\"https:\/\/avalencia.com\/de\/#\/schema\/logo\/image\/\",\"url\":\"\",\"contentUrl\":\"\",\"caption\":\"Gu\u00eda Valencia\"},\"image\":{\"@id\":\"https:\/\/avalencia.com\/de\/#\/schema\/logo\/image\/\"},\"sameAs\":[\"https:\/\/www.facebook.com\/angela.marisoler\",\"https:\/\/x.com\/angelamari400\",\"https:\/\/www.instagram.com\/angelamarisoler\/\",\"https:\/\/www.linkedin.com\/feed\/?trk=guest_homepage-basic_sign-in-submit\",\"https:\/\/www.youtube.com\/channel\/UC4bWyTV2CWI65Qf0r1pjuXg?view_as=subscriber\"]},{\"@type\":\"Person\",\"@id\":\"https:\/\/avalencia.com\/de\/#\/schema\/person\/74ce956856cc62eb244be68602e9f6b8\",\"name\":\"Angela Mar\u00ed\",\"image\":{\"@type\":\"ImageObject\",\"inLanguage\":\"de-DE\",\"@id\":\"https:\/\/avalencia.com\/de\/#\/schema\/person\/image\/\",\"url\":\"https:\/\/secure.gravatar.com\/avatar\/ed61a19cd30dccfdfbd01b90817c0aba?s=96&d=mm&r=g\",\"contentUrl\":\"https:\/\/secure.gravatar.com\/avatar\/ed61a19cd30dccfdfbd01b90817c0aba?s=96&d=mm&r=g\",\"caption\":\"Angela Mar\u00ed\"},\"sameAs\":[\"http:\/\/www.avalencia.com\",\"www.facebook.com\/angela.marisoler\",\"www.instagram.com\/angelamarisoler\/?hl=es\",\"www.linkedin.com\/in\/angela-mari-soler-899a1062\",\"https:\/\/x.com\/https:\/\/twitter.com\/GuiaAvalencia\",\"https:\/\/www.youtube.com\/channel\/UC4bWyTV2CWI65Qf0r1pjuXg?view_as=subscriber\"],\"url\":\"https:\/\/avalencia.com\/de\/author\/angelaadm\/\"}]}<\/script>\n<!-- \/ Yoast SEO plugin. -->","yoast_head_json":{"title":"Stra\u00dfenkunst in Valencia- Graffiti-Touren mit einheimischem Guide","description":"Stra\u00dfenkunst in Valencia, ein Spaziergang durch das Viertel El Carmen ist wie durch die G\u00e4nge eines Freilichtmuseums. Buchen Sie bei AValencia!","robots":{"index":"index","follow":"follow","max-snippet":"max-snippet:-1","max-image-preview":"max-image-preview:large","max-video-preview":"max-video-preview:-1"},"canonical":"https:\/\/avalencia.com\/de\/strassenkunst-in-valencia\/","og_locale":"de_DE","og_type":"article","og_title":"Stra\u00dfenkunst in Valencia- Graffiti-Touren mit einheimischem Guide","og_description":"Stra\u00dfenkunst in Valencia, ein Spaziergang durch das Viertel El Carmen ist wie durch die G\u00e4nge eines Freilichtmuseums. Buchen Sie bei AValencia!","og_url":"https:\/\/avalencia.com\/de\/strassenkunst-in-valencia\/","og_site_name":"AVALENCIA","article_publisher":"https:\/\/www.facebook.com\/angela.marisoler","article_author":"www.facebook.com\/angela.marisoler","article_published_time":"2019-04-20T17:24:41+00:00","article_modified_time":"2022-12-01T19:35:28+00:00","og_image":[{"width":999,"height":749,"url":"https:\/\/avalencia.com\/wp-content\/uploads\/2019\/04\/destacada-grafitis-20180617_123605.webp","type":"image\/webp"}],"author":"Angela Mar\u00ed","twitter_card":"summary_large_image","twitter_creator":"@https:\/\/twitter.com\/GuiaAvalencia","twitter_site":"@angelamari400","twitter_misc":{"Written by":"Angela Mar\u00ed","Est. reading time":"5 minutes"},"schema":{"@context":"https:\/\/schema.org","@graph":[{"@type":"Article","@id":"https:\/\/avalencia.com\/de\/strassenkunst-in-valencia\/#article","isPartOf":{"@id":"https:\/\/avalencia.com\/de\/strassenkunst-in-valencia\/"},"author":{"name":"Angela Mar\u00ed","@id":"https:\/\/avalencia.com\/de\/#\/schema\/person\/74ce956856cc62eb244be68602e9f6b8"},"headline":"Stra\u00dfenkunst in Valencia","datePublished":"2019-04-20T17:24:41+00:00","dateModified":"2022-12-01T19:35:28+00:00","mainEntityOfPage":{"@id":"https:\/\/avalencia.com\/de\/strassenkunst-in-valencia\/"},"wordCount":434,"publisher":{"@id":"https:\/\/avalencia.com\/de\/#organization"},"image":{"@id":"https:\/\/avalencia.com\/de\/strassenkunst-in-valencia\/#primaryimage"},"thumbnailUrl":"https:\/\/avalencia.com\/wp-content\/uploads\/2019\/04\/destacada-grafitis-20180617_123605.webp","articleSection":["Stadtf\u00fchrungen in Valencia"],"inLanguage":"de-DE"},{"@type":"WebPage","@id":"https:\/\/avalencia.com\/de\/strassenkunst-in-valencia\/","url":"https:\/\/avalencia.com\/de\/strassenkunst-in-valencia\/","name":"Stra\u00dfenkunst in Valencia- Graffiti-Touren mit einheimischem Guide","isPartOf":{"@id":"https:\/\/avalencia.com\/de\/#website"},"primaryImageOfPage":{"@id":"https:\/\/avalencia.com\/de\/strassenkunst-in-valencia\/#primaryimage"},"image":{"@id":"https:\/\/avalencia.com\/de\/strassenkunst-in-valencia\/#primaryimage"},"thumbnailUrl":"https:\/\/avalencia.com\/wp-content\/uploads\/2019\/04\/destacada-grafitis-20180617_123605.webp","datePublished":"2019-04-20T17:24:41+00:00","dateModified":"2022-12-01T19:35:28+00:00","description":"Stra\u00dfenkunst in Valencia, ein Spaziergang durch das Viertel El Carmen ist wie durch die G\u00e4nge eines Freilichtmuseums. Buchen Sie bei AValencia!","breadcrumb":{"@id":"https:\/\/avalencia.com\/de\/strassenkunst-in-valencia\/#breadcrumb"},"inLanguage":"de-DE","potentialAction":[{"@type":"ReadAction","target":["https:\/\/avalencia.com\/de\/strassenkunst-in-valencia\/"]}]},{"@type":"ImageObject","inLanguage":"de-DE","@id":"https:\/\/avalencia.com\/de\/strassenkunst-in-valencia\/#primaryimage","url":"https:\/\/avalencia.com\/wp-content\/uploads\/2019\/04\/destacada-grafitis-20180617_123605.webp","contentUrl":"https:\/\/avalencia.com\/wp-content\/uploads\/2019\/04\/destacada-grafitis-20180617_123605.webp","width":999,"height":749},{"@type":"BreadcrumbList","@id":"https:\/\/avalencia.com\/de\/strassenkunst-in-valencia\/#breadcrumb","itemListElement":[{"@type":"ListItem","position":1,"name":"Portada","item":"https:\/\/avalencia.com\/de\/"},{"@type":"ListItem","position":2,"name":"Stra\u00dfenkunst in Valencia"}]},{"@type":"WebSite","@id":"https:\/\/avalencia.com\/de\/#website","url":"https:\/\/avalencia.com\/de\/","name":"AVALENCIA","description":"Visitas culturales por Valencia y alrededores","publisher":{"@id":"https:\/\/avalencia.com\/de\/#organization"},"potentialAction":[{"@type":"SearchAction","target":{"@type":"EntryPoint","urlTemplate":"https:\/\/avalencia.com\/de\/?s={search_term_string}"},"query-input":{"@type":"PropertyValueSpecification","valueRequired":true,"valueName":"search_term_string"}}],"inLanguage":"de-DE"},{"@type":"Organization","@id":"https:\/\/avalencia.com\/de\/#organization","name":"Gu\u00eda Valencia","url":"https:\/\/avalencia.com\/de\/","logo":{"@type":"ImageObject","inLanguage":"de-DE","@id":"https:\/\/avalencia.com\/de\/#\/schema\/logo\/image\/","url":"","contentUrl":"","caption":"Gu\u00eda Valencia"},"image":{"@id":"https:\/\/avalencia.com\/de\/#\/schema\/logo\/image\/"},"sameAs":["https:\/\/www.facebook.com\/angela.marisoler","https:\/\/x.com\/angelamari400","https:\/\/www.instagram.com\/angelamarisoler\/","https:\/\/www.linkedin.com\/feed\/?trk=guest_homepage-basic_sign-in-submit","https:\/\/www.youtube.com\/channel\/UC4bWyTV2CWI65Qf0r1pjuXg?view_as=subscriber"]},{"@type":"Person","@id":"https:\/\/avalencia.com\/de\/#\/schema\/person\/74ce956856cc62eb244be68602e9f6b8","name":"Angela Mar\u00ed","image":{"@type":"ImageObject","inLanguage":"de-DE","@id":"https:\/\/avalencia.com\/de\/#\/schema\/person\/image\/","url":"https:\/\/secure.gravatar.com\/avatar\/ed61a19cd30dccfdfbd01b90817c0aba?s=96&d=mm&r=g","contentUrl":"https:\/\/secure.gravatar.com\/avatar\/ed61a19cd30dccfdfbd01b90817c0aba?s=96&d=mm&r=g","caption":"Angela Mar\u00ed"},"sameAs":["http:\/\/www.avalencia.com","www.facebook.com\/angela.marisoler","www.instagram.com\/angelamarisoler\/?hl=es","www.linkedin.com\/in\/angela-mari-soler-899a1062","https:\/\/x.com\/https:\/\/twitter.com\/GuiaAvalencia","https:\/\/www.youtube.com\/channel\/UC4bWyTV2CWI65Qf0r1pjuXg?view_as=subscriber"],"url":"https:\/\/avalencia.com\/de\/author\/angelaadm\/"}]}},"featured_image_src":"https:\/\/avalencia.com\/wp-content\/uploads\/2019\/04\/destacada-grafitis-20180617_123605-600x400.webp","featured_image_src_square":"https:\/\/avalencia.com\/wp-content\/uploads\/2019\/04\/destacada-grafitis-20180617_123605-600x600.webp","author_info":{"display_name":"Angela Mar\u00ed","author_link":"https:\/\/avalencia.com\/de\/author\/angelaadm\/"},"_links":{"self":[{"href":"https:\/\/avalencia.com\/de\/wp-json\/wp\/v2\/posts\/5843","targetHints":{"allow":["GET"]}}],"collection":[{"href":"https:\/\/avalencia.com\/de\/wp-json\/wp\/v2\/posts"}],"about":[{"href":"https:\/\/avalencia.com\/de\/wp-json\/wp\/v2\/types\/post"}],"author":[{"embeddable":true,"href":"https:\/\/avalencia.com\/de\/wp-json\/wp\/v2\/users\/3"}],"replies":[{"embeddable":true,"href":"https:\/\/avalencia.com\/de\/wp-json\/wp\/v2\/comments?post=5843"}],"version-history":[{"count":0,"href":"https:\/\/avalencia.com\/de\/wp-json\/wp\/v2\/posts\/5843\/revisions"}],"wp:featuredmedia":[{"embeddable":true,"href":"https:\/\/avalencia.com\/de\/wp-json\/wp\/v2\/media\/18016"}],"wp:attachment":[{"href":"https:\/\/avalencia.com\/de\/wp-json\/wp\/v2\/media?parent=5843"}],"wp:term":[{"taxonomy":"category","embeddable":true,"href":"https:\/\/avalencia.com\/de\/wp-json\/wp\/v2\/categories?post=5843"},{"taxonomy":"post_tag","embeddable":true,"href":"https:\/\/avalencia.com\/de\/wp-json\/wp\/v2\/tags?post=5843"}],"curies":[{"name":"wp","href":"https:\/\/api.w.org\/{rel}","templated":true}]}}