{"id":6752,"date":"2020-05-05T13:21:56","date_gmt":"2020-05-05T13:21:56","guid":{"rendered":"https:\/\/avalencia.com\/?p=6752"},"modified":"2022-08-07T18:58:46","modified_gmt":"2022-08-07T18:58:46","slug":"die-maurische-baeder-des-admirals-valencia","status":"publish","type":"post","link":"https:\/\/avalencia.com\/de\/die-maurische-baeder-des-admirals-valencia\/","title":{"rendered":"Die maurische B\u00e4der des Admirals &#8211; Valencia"},"content":{"rendered":"\n<h3 class=\"wp-block-heading\"><strong><em>Admiralsb\u00e4der<\/em><\/strong> Valencia<\/h3>\n\n\n\n<p>Los Ba\u00f1os del Almirante (<a href=\"http:\/\/infosvalencia.com\/de\/descubrir-valencia\/los-banos-del-almirante\/\" target=\"_blank\" rel=\"noopener noreferrer\">die Maurischen B\u00e4der des Admirals<\/a> \u2013 Valencia) ist ein Geb\u00e4ude im Mud\u00e9jar-Stil, das sich neben dem Palacio de los Almirantes de Arag\u00f3n im historischen Zentrum von Valencia befindet. Es wurde zwischen 1313 und 1320 von Pere de Vilarasa, einem Ritter und Juristen w\u00e4hrend der Herrschaft von Jaime II errichtet. Obwohl die B\u00e4der in der christlichen \u00c4ra erbaut wurden, \u00e4hneln sie den Dampfb\u00e4dern oder Hammams, die typisch f\u00fcr die islamische Architektur sind, weshalb der Komplex der Mud\u00e9jar-Architektur Valencias zugerechnet werden muss. Sie wurden im 14. Jahrhundert gebaut und bis ins 20. Jahrhundert genutzt.<\/p>\n\n\n\n<figure class=\"wp-block-gallery has-nested-images columns-default is-cropped wp-block-gallery-1 is-layout-flex wp-block-gallery-is-layout-flex\">\n<figure class=\"wp-block-image size-large\"><a href=\"https:\/\/avalencia.com\/wp-content\/uploads\/2022\/08\/01GL-01-Banos-del-Almirante-Aviary-Photo_132400803009714495-590x786.webp\"><img decoding=\"async\" width=\"590\" height=\"786\" data-id=\"16983\" src=\"https:\/\/avalencia.com\/wp-content\/uploads\/2022\/08\/01GL-01-Banos-del-Almirante-Aviary-Photo_132400803009714495-590x786.webp\" alt=\"\" class=\"wp-image-16983\" srcset=\"https:\/\/avalencia.com\/wp-content\/uploads\/2022\/08\/01GL-01-Banos-del-Almirante-Aviary-Photo_132400803009714495-590x786.webp 590w, https:\/\/avalencia.com\/wp-content\/uploads\/2022\/08\/01GL-01-Banos-del-Almirante-Aviary-Photo_132400803009714495-225x300.webp 225w, https:\/\/avalencia.com\/wp-content\/uploads\/2022\/08\/01GL-01-Banos-del-Almirante-Aviary-Photo_132400803009714495-529x705.webp 529w, https:\/\/avalencia.com\/wp-content\/uploads\/2022\/08\/01GL-01-Banos-del-Almirante-Aviary-Photo_132400803009714495.webp 675w\" sizes=\"(max-width: 590px) 100vw, 590px\" \/><\/a><\/figure>\n\n\n\n<figure class=\"wp-block-image size-large\"><a href=\"https:\/\/avalencia.com\/wp-content\/uploads\/2022\/08\/01GL-02-Banos-del-Almirante-Aviary-Photo_132400817215535372-590x786.webp\"><img decoding=\"async\" width=\"590\" height=\"786\" data-id=\"16988\" src=\"https:\/\/avalencia.com\/wp-content\/uploads\/2022\/08\/01GL-02-Banos-del-Almirante-Aviary-Photo_132400817215535372-590x786.webp\" alt=\"\" class=\"wp-image-16988\" srcset=\"https:\/\/avalencia.com\/wp-content\/uploads\/2022\/08\/01GL-02-Banos-del-Almirante-Aviary-Photo_132400817215535372-590x786.webp 590w, https:\/\/avalencia.com\/wp-content\/uploads\/2022\/08\/01GL-02-Banos-del-Almirante-Aviary-Photo_132400817215535372-225x300.webp 225w, https:\/\/avalencia.com\/wp-content\/uploads\/2022\/08\/01GL-02-Banos-del-Almirante-Aviary-Photo_132400817215535372-529x705.webp 529w, https:\/\/avalencia.com\/wp-content\/uploads\/2022\/08\/01GL-02-Banos-del-Almirante-Aviary-Photo_132400817215535372.webp 675w\" sizes=\"(max-width: 590px) 100vw, 590px\" \/><\/a><\/figure>\n\n\n\n<figure class=\"wp-block-image size-large\"><a href=\"https:\/\/avalencia.com\/wp-content\/uploads\/2022\/08\/01GL-03-Banos-del-Almirante-Aviary-Photo_132400805850051470-590x786.webp\"><img decoding=\"async\" width=\"590\" height=\"786\" data-id=\"16993\" src=\"https:\/\/avalencia.com\/wp-content\/uploads\/2022\/08\/01GL-03-Banos-del-Almirante-Aviary-Photo_132400805850051470-590x786.webp\" alt=\"\" class=\"wp-image-16993\" srcset=\"https:\/\/avalencia.com\/wp-content\/uploads\/2022\/08\/01GL-03-Banos-del-Almirante-Aviary-Photo_132400805850051470-590x786.webp 590w, https:\/\/avalencia.com\/wp-content\/uploads\/2022\/08\/01GL-03-Banos-del-Almirante-Aviary-Photo_132400805850051470-225x300.webp 225w, https:\/\/avalencia.com\/wp-content\/uploads\/2022\/08\/01GL-03-Banos-del-Almirante-Aviary-Photo_132400805850051470-530x705.webp 530w, https:\/\/avalencia.com\/wp-content\/uploads\/2022\/08\/01GL-03-Banos-del-Almirante-Aviary-Photo_132400805850051470.webp 676w\" sizes=\"(max-width: 590px) 100vw, 590px\" \/><\/a><\/figure>\n<\/figure>\n\n\n\n<p>Der &#8220;Hammam&#8221; war ein \u00f6ffentliches Geb\u00e4ude mit zivilem Charakter, das in seinem funktionalen und konstruktiven Konzept Erbe der r\u00f6mischen B\u00e4der ist, obwohl die muslimische Welt seine Dimensionen reduzierte und den Anlagenteil standardisierte. Wie seine r\u00f6mischen Referenzen verf\u00fcgt jedes arabische Badegeb\u00e4ude, wie die Admiralsb\u00e4der, \u00fcber eine Eingangshalle (&#8220;al-bayt al-maslai&#8221;), einen kalten Raum (&#8220;al-bayt al-barid&#8221;), einen warmen Raum (&#8220;al-bayt al-wastani&#8221;) und einen hei\u00dfen Raum (&#8220;al-bayt al saiun&#8221;).<\/p>\n\n\n\n<p>Diese B\u00e4der sind ein einzigartiges Beispiel der Mud\u00e9jar-Kunst in der Autonomen Gemeinschaft Valencia und eines der wenigen B\u00e4der in Spanien, wenn nicht das einzige, im arabischen oder Mud\u00e9jar-Stil, die seit ihrer Gr\u00fcndung bis ins 20 ununterbrochen genutzt wurden. Im Laufe des 19. Jahrhunderts wurde eine Restaurierung durchgef\u00fchrt, die dem Komplex ein neoarabisches Erscheinungsbild verlieh. Im Jahr 1944 wurdeer zum kunsthistorischen Denkmal erkl\u00e4rt. 1959 wurde das Bad nach mehr als sechs Jahrhunderten als \u00f6ffentliches Bad definitiv geschlossen. Zwischen 1961 und 1963 wurde ein Restaurierungsprojekt durchgef\u00fchrt, um die neoarabische Transformation des 19. Jahrhunderts zu beseitigen. Ab 1963 wurde im Inneren eine Turnhalle eingerichtet. Im Jahr 1985 erwarb die Generalitat Valenciana das Geb\u00e4ude. Im Jahr 1993 wurde es zum Kulturgut von kulturellem Interesse (BIC) erkl\u00e4rt, und 1999 wurde ein Restaurierungsprojekt durchgef\u00fchrt. Die Arbeiten begannen 2001, und das Geb\u00e4ude wurde 2005 wieder f\u00fcr Besucher ge\u00f6ffnet.<\/p>\n\n\n\n<figure class=\"wp-block-gallery has-nested-images columns-default is-cropped wp-block-gallery-2 is-layout-flex wp-block-gallery-is-layout-flex\">\n<figure class=\"wp-block-image size-full\"><a href=\"https:\/\/avalencia.com\/wp-content\/uploads\/2018\/06\/06-GL2-Banos-Almirante_132400843087161666-copia-1.webp\"><img decoding=\"async\" width=\"900\" height=\"675\" data-id=\"17023\" src=\"https:\/\/avalencia.com\/wp-content\/uploads\/2018\/06\/06-GL2-Banos-Almirante_132400843087161666-copia-1.webp\" alt=\"\" class=\"wp-image-17023\" srcset=\"https:\/\/avalencia.com\/wp-content\/uploads\/2018\/06\/06-GL2-Banos-Almirante_132400843087161666-copia-1.webp 900w, https:\/\/avalencia.com\/wp-content\/uploads\/2018\/06\/06-GL2-Banos-Almirante_132400843087161666-copia-1-300x225.webp 300w, https:\/\/avalencia.com\/wp-content\/uploads\/2018\/06\/06-GL2-Banos-Almirante_132400843087161666-copia-1-768x576.webp 768w, https:\/\/avalencia.com\/wp-content\/uploads\/2018\/06\/06-GL2-Banos-Almirante_132400843087161666-copia-1-705x529.webp 705w\" sizes=\"(max-width: 900px) 100vw, 900px\" \/><\/a><\/figure>\n\n\n\n<figure class=\"wp-block-image size-full\"><a href=\"https:\/\/avalencia.com\/wp-content\/uploads\/2018\/06\/05-GL2-Banos-Almirante_132400783780314404-1.webp\"><img decoding=\"async\" width=\"900\" height=\"675\" data-id=\"17018\" src=\"https:\/\/avalencia.com\/wp-content\/uploads\/2018\/06\/05-GL2-Banos-Almirante_132400783780314404-1.webp\" alt=\"\" class=\"wp-image-17018\" srcset=\"https:\/\/avalencia.com\/wp-content\/uploads\/2018\/06\/05-GL2-Banos-Almirante_132400783780314404-1.webp 900w, https:\/\/avalencia.com\/wp-content\/uploads\/2018\/06\/05-GL2-Banos-Almirante_132400783780314404-1-300x225.webp 300w, https:\/\/avalencia.com\/wp-content\/uploads\/2018\/06\/05-GL2-Banos-Almirante_132400783780314404-1-768x576.webp 768w, https:\/\/avalencia.com\/wp-content\/uploads\/2018\/06\/05-GL2-Banos-Almirante_132400783780314404-1-705x529.webp 705w\" sizes=\"(max-width: 900px) 100vw, 900px\" \/><\/a><\/figure>\n\n\n\n<figure class=\"wp-block-image size-full\"><a href=\"https:\/\/avalencia.com\/wp-content\/uploads\/2018\/06\/04-GL2-Banos-Almirante_132400845489294526-1.webp\"><img decoding=\"async\" width=\"900\" height=\"675\" data-id=\"17013\" src=\"https:\/\/avalencia.com\/wp-content\/uploads\/2018\/06\/04-GL2-Banos-Almirante_132400845489294526-1.webp\" alt=\"\" class=\"wp-image-17013\" srcset=\"https:\/\/avalencia.com\/wp-content\/uploads\/2018\/06\/04-GL2-Banos-Almirante_132400845489294526-1.webp 900w, https:\/\/avalencia.com\/wp-content\/uploads\/2018\/06\/04-GL2-Banos-Almirante_132400845489294526-1-300x225.webp 300w, https:\/\/avalencia.com\/wp-content\/uploads\/2018\/06\/04-GL2-Banos-Almirante_132400845489294526-1-768x576.webp 768w, https:\/\/avalencia.com\/wp-content\/uploads\/2018\/06\/04-GL2-Banos-Almirante_132400845489294526-1-705x529.webp 705w\" sizes=\"(max-width: 900px) 100vw, 900px\" \/><\/a><\/figure>\n\n\n\n<figure class=\"wp-block-image size-full\"><a href=\"https:\/\/avalencia.com\/wp-content\/uploads\/2018\/06\/03-GL2-Banos-Almirante_132400837739763473-1.webp\"><img decoding=\"async\" width=\"900\" height=\"675\" data-id=\"17008\" src=\"https:\/\/avalencia.com\/wp-content\/uploads\/2018\/06\/03-GL2-Banos-Almirante_132400837739763473-1.webp\" alt=\"\" class=\"wp-image-17008\" srcset=\"https:\/\/avalencia.com\/wp-content\/uploads\/2018\/06\/03-GL2-Banos-Almirante_132400837739763473-1.webp 900w, https:\/\/avalencia.com\/wp-content\/uploads\/2018\/06\/03-GL2-Banos-Almirante_132400837739763473-1-300x225.webp 300w, https:\/\/avalencia.com\/wp-content\/uploads\/2018\/06\/03-GL2-Banos-Almirante_132400837739763473-1-768x576.webp 768w, https:\/\/avalencia.com\/wp-content\/uploads\/2018\/06\/03-GL2-Banos-Almirante_132400837739763473-1-705x529.webp 705w\" sizes=\"(max-width: 900px) 100vw, 900px\" \/><\/a><\/figure>\n\n\n\n<figure class=\"wp-block-image size-full\"><a href=\"https:\/\/avalencia.com\/wp-content\/uploads\/2018\/06\/02-GL2-Banos-Almirante-_132400840158512889-2-1.webp\"><img decoding=\"async\" width=\"900\" height=\"675\" data-id=\"17003\" src=\"https:\/\/avalencia.com\/wp-content\/uploads\/2018\/06\/02-GL2-Banos-Almirante-_132400840158512889-2-1.webp\" alt=\"\" class=\"wp-image-17003\" srcset=\"https:\/\/avalencia.com\/wp-content\/uploads\/2018\/06\/02-GL2-Banos-Almirante-_132400840158512889-2-1.webp 900w, https:\/\/avalencia.com\/wp-content\/uploads\/2018\/06\/02-GL2-Banos-Almirante-_132400840158512889-2-1-300x225.webp 300w, https:\/\/avalencia.com\/wp-content\/uploads\/2018\/06\/02-GL2-Banos-Almirante-_132400840158512889-2-1-768x576.webp 768w, https:\/\/avalencia.com\/wp-content\/uploads\/2018\/06\/02-GL2-Banos-Almirante-_132400840158512889-2-1-705x529.webp 705w\" sizes=\"(max-width: 900px) 100vw, 900px\" \/><\/a><\/figure>\n<\/figure>\n\n\n\n<div class=\"wp-block-buttons is-horizontal is-content-justification-center is-layout-flex wp-container-core-buttons-is-layout-1 wp-block-buttons-is-layout-flex\">\n<div class=\"wp-block-button\"><a class=\"wp-block-button__link\" href=\"https:\/\/avalencia.com\/de\/kontakt\/\" target=\"_blank\" rel=\"noreferrer noopener\">Kontakt<\/a><\/div>\n<\/div>\n","protected":false},"excerpt":{"rendered":"<p>Admiralsb\u00e4der Valencia Los Ba\u00f1os del Almirante (die Maurischen B\u00e4der des Admirals \u2013 Valencia) ist ein Geb\u00e4ude im Mud\u00e9jar-Stil, das sich neben dem Palacio de los Almirantes de Arag\u00f3n im historischen Zentrum von Valencia befindet. Es wurde zwischen 1313 und 1320 von Pere de Vilarasa, einem Ritter und Juristen w\u00e4hrend der Herrschaft von Jaime II errichtet. [&hellip;]<\/p>\n","protected":false},"author":3,"featured_media":16961,"comment_status":"closed","ping_status":"open","sticky":true,"template":"","format":"standard","meta":{"footnotes":""},"categories":[109],"tags":[],"class_list":["post-6752","post","type-post","status-publish","format-standard","has-post-thumbnail","hentry","category-stadtfuehrungen-in-valencia"],"yoast_head":"<!-- This site is optimized with the Yoast SEO plugin v26.8 - https:\/\/yoast.com\/product\/yoast-seo-wordpress\/ -->\n<title>Die maurische B\u00e4der des Admirals - Valencia - AVALENCIA<\/title>\n<meta name=\"description\" content=\"Obwohl die B\u00e4der in der christlichen \u00c4ra erbaut wurden, \u00e4hneln sie den Dampfb\u00e4dern oder Hammams, die typisch f\u00fcr die islamische Architektur sind.\" \/>\n<meta name=\"robots\" content=\"index, follow, max-snippet:-1, max-image-preview:large, max-video-preview:-1\" \/>\n<link rel=\"canonical\" href=\"https:\/\/avalencia.com\/de\/die-maurische-baeder-des-admirals-valencia\/\" \/>\n<meta property=\"og:locale\" content=\"de_DE\" \/>\n<meta property=\"og:type\" content=\"article\" \/>\n<meta property=\"og:title\" content=\"Die maurische B\u00e4der des Admirals - Valencia - AVALENCIA\" \/>\n<meta property=\"og:description\" content=\"Obwohl die B\u00e4der in der christlichen \u00c4ra erbaut wurden, \u00e4hneln sie den Dampfb\u00e4dern oder Hammams, die typisch f\u00fcr die islamische Architektur sind.\" \/>\n<meta property=\"og:url\" content=\"https:\/\/avalencia.com\/de\/die-maurische-baeder-des-admirals-valencia\/\" \/>\n<meta property=\"og:site_name\" content=\"AVALENCIA\" \/>\n<meta property=\"article:publisher\" content=\"https:\/\/www.facebook.com\/angela.marisoler\" \/>\n<meta property=\"article:author\" content=\"www.facebook.com\/angela.marisoler\" \/>\n<meta property=\"article:published_time\" content=\"2020-05-05T13:21:56+00:00\" \/>\n<meta property=\"article:modified_time\" content=\"2022-08-07T18:58:46+00:00\" \/>\n<meta property=\"og:image\" content=\"https:\/\/avalencia.com\/wp-content\/uploads\/2018\/06\/destacada-y-esta-repetida-01-GL2-Banos-Almirante-400831700122223-copia-1.webp\" \/>\n\t<meta property=\"og:image:width\" content=\"1024\" \/>\n\t<meta property=\"og:image:height\" content=\"586\" \/>\n\t<meta property=\"og:image:type\" content=\"image\/webp\" \/>\n<meta name=\"author\" content=\"Angela Mar\u00ed\" \/>\n<meta name=\"twitter:card\" content=\"summary_large_image\" \/>\n<meta name=\"twitter:creator\" content=\"@https:\/\/twitter.com\/GuiaAvalencia\" \/>\n<meta name=\"twitter:site\" content=\"@angelamari400\" \/>\n<meta name=\"twitter:label1\" content=\"Written by\" \/>\n\t<meta name=\"twitter:data1\" content=\"Angela Mar\u00ed\" \/>\n\t<meta name=\"twitter:label2\" content=\"Est. reading time\" \/>\n\t<meta name=\"twitter:data2\" content=\"3 minutes\" \/>\n<script type=\"application\/ld+json\" class=\"yoast-schema-graph\">{\"@context\":\"https:\/\/schema.org\",\"@graph\":[{\"@type\":\"Article\",\"@id\":\"https:\/\/avalencia.com\/de\/die-maurische-baeder-des-admirals-valencia\/#article\",\"isPartOf\":{\"@id\":\"https:\/\/avalencia.com\/de\/die-maurische-baeder-des-admirals-valencia\/\"},\"author\":{\"name\":\"Angela Mar\u00ed\",\"@id\":\"https:\/\/avalencia.com\/de\/#\/schema\/person\/74ce956856cc62eb244be68602e9f6b8\"},\"headline\":\"Die maurische B\u00e4der des Admirals &#8211; Valencia\",\"datePublished\":\"2020-05-05T13:21:56+00:00\",\"dateModified\":\"2022-08-07T18:58:46+00:00\",\"mainEntityOfPage\":{\"@id\":\"https:\/\/avalencia.com\/de\/die-maurische-baeder-des-admirals-valencia\/\"},\"wordCount\":328,\"publisher\":{\"@id\":\"https:\/\/avalencia.com\/de\/#organization\"},\"image\":{\"@id\":\"https:\/\/avalencia.com\/de\/die-maurische-baeder-des-admirals-valencia\/#primaryimage\"},\"thumbnailUrl\":\"https:\/\/avalencia.com\/wp-content\/uploads\/2018\/06\/destacada-y-esta-repetida-01-GL2-Banos-Almirante-400831700122223-copia-1.webp\",\"articleSection\":[\"Stadtf\u00fchrungen in Valencia\"],\"inLanguage\":\"de-DE\"},{\"@type\":\"WebPage\",\"@id\":\"https:\/\/avalencia.com\/de\/die-maurische-baeder-des-admirals-valencia\/\",\"url\":\"https:\/\/avalencia.com\/de\/die-maurische-baeder-des-admirals-valencia\/\",\"name\":\"Die maurische B\u00e4der des Admirals - Valencia - AVALENCIA\",\"isPartOf\":{\"@id\":\"https:\/\/avalencia.com\/de\/#website\"},\"primaryImageOfPage\":{\"@id\":\"https:\/\/avalencia.com\/de\/die-maurische-baeder-des-admirals-valencia\/#primaryimage\"},\"image\":{\"@id\":\"https:\/\/avalencia.com\/de\/die-maurische-baeder-des-admirals-valencia\/#primaryimage\"},\"thumbnailUrl\":\"https:\/\/avalencia.com\/wp-content\/uploads\/2018\/06\/destacada-y-esta-repetida-01-GL2-Banos-Almirante-400831700122223-copia-1.webp\",\"datePublished\":\"2020-05-05T13:21:56+00:00\",\"dateModified\":\"2022-08-07T18:58:46+00:00\",\"description\":\"Obwohl die B\u00e4der in der christlichen \u00c4ra erbaut wurden, \u00e4hneln sie den Dampfb\u00e4dern oder Hammams, die typisch f\u00fcr die islamische Architektur sind.\",\"breadcrumb\":{\"@id\":\"https:\/\/avalencia.com\/de\/die-maurische-baeder-des-admirals-valencia\/#breadcrumb\"},\"inLanguage\":\"de-DE\",\"potentialAction\":[{\"@type\":\"ReadAction\",\"target\":[\"https:\/\/avalencia.com\/de\/die-maurische-baeder-des-admirals-valencia\/\"]}]},{\"@type\":\"ImageObject\",\"inLanguage\":\"de-DE\",\"@id\":\"https:\/\/avalencia.com\/de\/die-maurische-baeder-des-admirals-valencia\/#primaryimage\",\"url\":\"https:\/\/avalencia.com\/wp-content\/uploads\/2018\/06\/destacada-y-esta-repetida-01-GL2-Banos-Almirante-400831700122223-copia-1.webp\",\"contentUrl\":\"https:\/\/avalencia.com\/wp-content\/uploads\/2018\/06\/destacada-y-esta-repetida-01-GL2-Banos-Almirante-400831700122223-copia-1.webp\",\"width\":1024,\"height\":586,\"caption\":\"Die Maurische B\u00e4der des Admirals Valencia\"},{\"@type\":\"BreadcrumbList\",\"@id\":\"https:\/\/avalencia.com\/de\/die-maurische-baeder-des-admirals-valencia\/#breadcrumb\",\"itemListElement\":[{\"@type\":\"ListItem\",\"position\":1,\"name\":\"Portada\",\"item\":\"https:\/\/avalencia.com\/de\/\"},{\"@type\":\"ListItem\",\"position\":2,\"name\":\"Die maurische B\u00e4der des Admirals &#8211; Valencia\"}]},{\"@type\":\"WebSite\",\"@id\":\"https:\/\/avalencia.com\/de\/#website\",\"url\":\"https:\/\/avalencia.com\/de\/\",\"name\":\"AVALENCIA\",\"description\":\"Visitas culturales por Valencia y alrededores\",\"publisher\":{\"@id\":\"https:\/\/avalencia.com\/de\/#organization\"},\"potentialAction\":[{\"@type\":\"SearchAction\",\"target\":{\"@type\":\"EntryPoint\",\"urlTemplate\":\"https:\/\/avalencia.com\/de\/?s={search_term_string}\"},\"query-input\":{\"@type\":\"PropertyValueSpecification\",\"valueRequired\":true,\"valueName\":\"search_term_string\"}}],\"inLanguage\":\"de-DE\"},{\"@type\":\"Organization\",\"@id\":\"https:\/\/avalencia.com\/de\/#organization\",\"name\":\"Gu\u00eda Valencia\",\"url\":\"https:\/\/avalencia.com\/de\/\",\"logo\":{\"@type\":\"ImageObject\",\"inLanguage\":\"de-DE\",\"@id\":\"https:\/\/avalencia.com\/de\/#\/schema\/logo\/image\/\",\"url\":\"\",\"contentUrl\":\"\",\"caption\":\"Gu\u00eda Valencia\"},\"image\":{\"@id\":\"https:\/\/avalencia.com\/de\/#\/schema\/logo\/image\/\"},\"sameAs\":[\"https:\/\/www.facebook.com\/angela.marisoler\",\"https:\/\/x.com\/angelamari400\",\"https:\/\/www.instagram.com\/angelamarisoler\/\",\"https:\/\/www.linkedin.com\/feed\/?trk=guest_homepage-basic_sign-in-submit\",\"https:\/\/www.youtube.com\/channel\/UC4bWyTV2CWI65Qf0r1pjuXg?view_as=subscriber\"]},{\"@type\":\"Person\",\"@id\":\"https:\/\/avalencia.com\/de\/#\/schema\/person\/74ce956856cc62eb244be68602e9f6b8\",\"name\":\"Angela Mar\u00ed\",\"image\":{\"@type\":\"ImageObject\",\"inLanguage\":\"de-DE\",\"@id\":\"https:\/\/avalencia.com\/de\/#\/schema\/person\/image\/\",\"url\":\"https:\/\/secure.gravatar.com\/avatar\/ed61a19cd30dccfdfbd01b90817c0aba?s=96&d=mm&r=g\",\"contentUrl\":\"https:\/\/secure.gravatar.com\/avatar\/ed61a19cd30dccfdfbd01b90817c0aba?s=96&d=mm&r=g\",\"caption\":\"Angela Mar\u00ed\"},\"sameAs\":[\"http:\/\/www.avalencia.com\",\"www.facebook.com\/angela.marisoler\",\"www.instagram.com\/angelamarisoler\/?hl=es\",\"www.linkedin.com\/in\/angela-mari-soler-899a1062\",\"https:\/\/x.com\/https:\/\/twitter.com\/GuiaAvalencia\",\"https:\/\/www.youtube.com\/channel\/UC4bWyTV2CWI65Qf0r1pjuXg?view_as=subscriber\"],\"url\":\"https:\/\/avalencia.com\/de\/author\/angelaadm\/\"}]}<\/script>\n<!-- \/ Yoast SEO plugin. -->","yoast_head_json":{"title":"Die maurische B\u00e4der des Admirals - Valencia - AVALENCIA","description":"Obwohl die B\u00e4der in der christlichen \u00c4ra erbaut wurden, \u00e4hneln sie den Dampfb\u00e4dern oder Hammams, die typisch f\u00fcr die islamische Architektur sind.","robots":{"index":"index","follow":"follow","max-snippet":"max-snippet:-1","max-image-preview":"max-image-preview:large","max-video-preview":"max-video-preview:-1"},"canonical":"https:\/\/avalencia.com\/de\/die-maurische-baeder-des-admirals-valencia\/","og_locale":"de_DE","og_type":"article","og_title":"Die maurische B\u00e4der des Admirals - Valencia - AVALENCIA","og_description":"Obwohl die B\u00e4der in der christlichen \u00c4ra erbaut wurden, \u00e4hneln sie den Dampfb\u00e4dern oder Hammams, die typisch f\u00fcr die islamische Architektur sind.","og_url":"https:\/\/avalencia.com\/de\/die-maurische-baeder-des-admirals-valencia\/","og_site_name":"AVALENCIA","article_publisher":"https:\/\/www.facebook.com\/angela.marisoler","article_author":"www.facebook.com\/angela.marisoler","article_published_time":"2020-05-05T13:21:56+00:00","article_modified_time":"2022-08-07T18:58:46+00:00","og_image":[{"width":1024,"height":586,"url":"https:\/\/avalencia.com\/wp-content\/uploads\/2018\/06\/destacada-y-esta-repetida-01-GL2-Banos-Almirante-400831700122223-copia-1.webp","type":"image\/webp"}],"author":"Angela Mar\u00ed","twitter_card":"summary_large_image","twitter_creator":"@https:\/\/twitter.com\/GuiaAvalencia","twitter_site":"@angelamari400","twitter_misc":{"Written by":"Angela Mar\u00ed","Est. reading time":"3 minutes"},"schema":{"@context":"https:\/\/schema.org","@graph":[{"@type":"Article","@id":"https:\/\/avalencia.com\/de\/die-maurische-baeder-des-admirals-valencia\/#article","isPartOf":{"@id":"https:\/\/avalencia.com\/de\/die-maurische-baeder-des-admirals-valencia\/"},"author":{"name":"Angela Mar\u00ed","@id":"https:\/\/avalencia.com\/de\/#\/schema\/person\/74ce956856cc62eb244be68602e9f6b8"},"headline":"Die maurische B\u00e4der des Admirals &#8211; Valencia","datePublished":"2020-05-05T13:21:56+00:00","dateModified":"2022-08-07T18:58:46+00:00","mainEntityOfPage":{"@id":"https:\/\/avalencia.com\/de\/die-maurische-baeder-des-admirals-valencia\/"},"wordCount":328,"publisher":{"@id":"https:\/\/avalencia.com\/de\/#organization"},"image":{"@id":"https:\/\/avalencia.com\/de\/die-maurische-baeder-des-admirals-valencia\/#primaryimage"},"thumbnailUrl":"https:\/\/avalencia.com\/wp-content\/uploads\/2018\/06\/destacada-y-esta-repetida-01-GL2-Banos-Almirante-400831700122223-copia-1.webp","articleSection":["Stadtf\u00fchrungen in Valencia"],"inLanguage":"de-DE"},{"@type":"WebPage","@id":"https:\/\/avalencia.com\/de\/die-maurische-baeder-des-admirals-valencia\/","url":"https:\/\/avalencia.com\/de\/die-maurische-baeder-des-admirals-valencia\/","name":"Die maurische B\u00e4der des Admirals - Valencia - AVALENCIA","isPartOf":{"@id":"https:\/\/avalencia.com\/de\/#website"},"primaryImageOfPage":{"@id":"https:\/\/avalencia.com\/de\/die-maurische-baeder-des-admirals-valencia\/#primaryimage"},"image":{"@id":"https:\/\/avalencia.com\/de\/die-maurische-baeder-des-admirals-valencia\/#primaryimage"},"thumbnailUrl":"https:\/\/avalencia.com\/wp-content\/uploads\/2018\/06\/destacada-y-esta-repetida-01-GL2-Banos-Almirante-400831700122223-copia-1.webp","datePublished":"2020-05-05T13:21:56+00:00","dateModified":"2022-08-07T18:58:46+00:00","description":"Obwohl die B\u00e4der in der christlichen \u00c4ra erbaut wurden, \u00e4hneln sie den Dampfb\u00e4dern oder Hammams, die typisch f\u00fcr die islamische Architektur sind.","breadcrumb":{"@id":"https:\/\/avalencia.com\/de\/die-maurische-baeder-des-admirals-valencia\/#breadcrumb"},"inLanguage":"de-DE","potentialAction":[{"@type":"ReadAction","target":["https:\/\/avalencia.com\/de\/die-maurische-baeder-des-admirals-valencia\/"]}]},{"@type":"ImageObject","inLanguage":"de-DE","@id":"https:\/\/avalencia.com\/de\/die-maurische-baeder-des-admirals-valencia\/#primaryimage","url":"https:\/\/avalencia.com\/wp-content\/uploads\/2018\/06\/destacada-y-esta-repetida-01-GL2-Banos-Almirante-400831700122223-copia-1.webp","contentUrl":"https:\/\/avalencia.com\/wp-content\/uploads\/2018\/06\/destacada-y-esta-repetida-01-GL2-Banos-Almirante-400831700122223-copia-1.webp","width":1024,"height":586,"caption":"Die Maurische B\u00e4der des Admirals Valencia"},{"@type":"BreadcrumbList","@id":"https:\/\/avalencia.com\/de\/die-maurische-baeder-des-admirals-valencia\/#breadcrumb","itemListElement":[{"@type":"ListItem","position":1,"name":"Portada","item":"https:\/\/avalencia.com\/de\/"},{"@type":"ListItem","position":2,"name":"Die maurische B\u00e4der des Admirals &#8211; Valencia"}]},{"@type":"WebSite","@id":"https:\/\/avalencia.com\/de\/#website","url":"https:\/\/avalencia.com\/de\/","name":"AVALENCIA","description":"Visitas culturales por Valencia y alrededores","publisher":{"@id":"https:\/\/avalencia.com\/de\/#organization"},"potentialAction":[{"@type":"SearchAction","target":{"@type":"EntryPoint","urlTemplate":"https:\/\/avalencia.com\/de\/?s={search_term_string}"},"query-input":{"@type":"PropertyValueSpecification","valueRequired":true,"valueName":"search_term_string"}}],"inLanguage":"de-DE"},{"@type":"Organization","@id":"https:\/\/avalencia.com\/de\/#organization","name":"Gu\u00eda Valencia","url":"https:\/\/avalencia.com\/de\/","logo":{"@type":"ImageObject","inLanguage":"de-DE","@id":"https:\/\/avalencia.com\/de\/#\/schema\/logo\/image\/","url":"","contentUrl":"","caption":"Gu\u00eda Valencia"},"image":{"@id":"https:\/\/avalencia.com\/de\/#\/schema\/logo\/image\/"},"sameAs":["https:\/\/www.facebook.com\/angela.marisoler","https:\/\/x.com\/angelamari400","https:\/\/www.instagram.com\/angelamarisoler\/","https:\/\/www.linkedin.com\/feed\/?trk=guest_homepage-basic_sign-in-submit","https:\/\/www.youtube.com\/channel\/UC4bWyTV2CWI65Qf0r1pjuXg?view_as=subscriber"]},{"@type":"Person","@id":"https:\/\/avalencia.com\/de\/#\/schema\/person\/74ce956856cc62eb244be68602e9f6b8","name":"Angela Mar\u00ed","image":{"@type":"ImageObject","inLanguage":"de-DE","@id":"https:\/\/avalencia.com\/de\/#\/schema\/person\/image\/","url":"https:\/\/secure.gravatar.com\/avatar\/ed61a19cd30dccfdfbd01b90817c0aba?s=96&d=mm&r=g","contentUrl":"https:\/\/secure.gravatar.com\/avatar\/ed61a19cd30dccfdfbd01b90817c0aba?s=96&d=mm&r=g","caption":"Angela Mar\u00ed"},"sameAs":["http:\/\/www.avalencia.com","www.facebook.com\/angela.marisoler","www.instagram.com\/angelamarisoler\/?hl=es","www.linkedin.com\/in\/angela-mari-soler-899a1062","https:\/\/x.com\/https:\/\/twitter.com\/GuiaAvalencia","https:\/\/www.youtube.com\/channel\/UC4bWyTV2CWI65Qf0r1pjuXg?view_as=subscriber"],"url":"https:\/\/avalencia.com\/de\/author\/angelaadm\/"}]}},"featured_image_src":"https:\/\/avalencia.com\/wp-content\/uploads\/2018\/06\/destacada-y-esta-repetida-01-GL2-Banos-Almirante-400831700122223-copia-1-600x400.webp","featured_image_src_square":"https:\/\/avalencia.com\/wp-content\/uploads\/2018\/06\/destacada-y-esta-repetida-01-GL2-Banos-Almirante-400831700122223-copia-1-600x586.webp","author_info":{"display_name":"Angela Mar\u00ed","author_link":"https:\/\/avalencia.com\/de\/author\/angelaadm\/"},"_links":{"self":[{"href":"https:\/\/avalencia.com\/de\/wp-json\/wp\/v2\/posts\/6752","targetHints":{"allow":["GET"]}}],"collection":[{"href":"https:\/\/avalencia.com\/de\/wp-json\/wp\/v2\/posts"}],"about":[{"href":"https:\/\/avalencia.com\/de\/wp-json\/wp\/v2\/types\/post"}],"author":[{"embeddable":true,"href":"https:\/\/avalencia.com\/de\/wp-json\/wp\/v2\/users\/3"}],"replies":[{"embeddable":true,"href":"https:\/\/avalencia.com\/de\/wp-json\/wp\/v2\/comments?post=6752"}],"version-history":[{"count":0,"href":"https:\/\/avalencia.com\/de\/wp-json\/wp\/v2\/posts\/6752\/revisions"}],"wp:featuredmedia":[{"embeddable":true,"href":"https:\/\/avalencia.com\/de\/wp-json\/wp\/v2\/media\/16961"}],"wp:attachment":[{"href":"https:\/\/avalencia.com\/de\/wp-json\/wp\/v2\/media?parent=6752"}],"wp:term":[{"taxonomy":"category","embeddable":true,"href":"https:\/\/avalencia.com\/de\/wp-json\/wp\/v2\/categories?post=6752"},{"taxonomy":"post_tag","embeddable":true,"href":"https:\/\/avalencia.com\/de\/wp-json\/wp\/v2\/tags?post=6752"}],"curies":[{"name":"wp","href":"https:\/\/api.w.org\/{rel}","templated":true}]}}