{"id":6774,"date":"2020-05-05T14:25:13","date_gmt":"2020-05-05T14:25:13","guid":{"rendered":"https:\/\/avalencia.com\/?p=6774"},"modified":"2022-12-01T19:02:11","modified_gmt":"2022-12-01T19:02:11","slug":"sehenswuerdigkeiten-in-valencia-zu-besuchen","status":"publish","type":"post","link":"https:\/\/avalencia.com\/de\/sehenswuerdigkeiten-in-valencia-zu-besuchen\/","title":{"rendered":"Sehensw\u00fcrdigkeiten in Valencia zu besuchen"},"content":{"rendered":"\n<h2 class=\"wp-block-heading\"><strong>Was es in Valencia zu sehen gibt<\/strong> <\/h2>\n\n\n\n<p>Sehensw\u00fcrdigkeiten in valencia zu besuchen: Valencia ist eine Stadt volles Leben, die von vielen Touristen als eine der besten St\u00e4dten zum Leben angesehen wird, wegen ihrer Lebensqualit\u00e4t, wegen ihres gem\u00e4\u00dfigten Klimas, ihrer ber\u00fchmten Str\u00e4nden wie Malvarrosa, ihrer Natur mit dem Albufera-Naturpark Eines der repr\u00e4sentativsten und wertvollsten Feuchtgebieten in der valencianischen Gemeinschaft. Seine Gr\u00fcnfl\u00e4chen wie das alte Flussbett von Turia, heute der Turia Garten (der gr\u00f6\u00dfte st\u00e4dtischer Garten in Spanien) und viele andere Attraktionen, die die Stadt bietet.<\/p>\n\n\n\n<figure class=\"wp-block-embed is-type-video is-provider-youtube wp-block-embed-youtube wp-embed-aspect-16-9 wp-has-aspect-ratio\"><div class=\"wp-block-embed__wrapper\">\n<div class='avia-iframe-wrap'><iframe title=\"Visitas guiadas Valencia con gu\u00eda oficial\" width=\"1500\" height=\"844\" src=\"https:\/\/www.youtube.com\/embed\/ZaI0z9tIDbw?feature=oembed\" frameborder=\"0\" allow=\"accelerometer; autoplay; clipboard-write; encrypted-media; gyroscope; picture-in-picture\" allowfullscreen><\/iframe><\/div>\n<\/div><\/figure>\n\n\n\n<h4 class=\"wp-block-heading\"><strong>Wichtige Orte, die Sie in Valencia besuchen m\u00fcssen<\/strong><\/h4>\n\n\n\n<p>Historische Sehensw\u00fcrdigkeiten:<\/p>\n\n\n\n<figure class=\"wp-block-gallery has-nested-images columns-default is-cropped wp-block-gallery-1 is-layout-flex wp-block-gallery-is-layout-flex\">\n<figure class=\"wp-block-image size-full\"><a href=\"https:\/\/avalencia.com\/wp-content\/uploads\/2018\/06\/01-que-ver-y-vistar-en-valencia-GP-Pietro-17-07-2017-37-.webp\"><img decoding=\"async\" width=\"950\" height=\"637\" data-id=\"17878\" src=\"https:\/\/avalencia.com\/wp-content\/uploads\/2018\/06\/01-que-ver-y-vistar-en-valencia-GP-Pietro-17-07-2017-37-.webp\" alt=\"\" class=\"wp-image-17878\" srcset=\"https:\/\/avalencia.com\/wp-content\/uploads\/2018\/06\/01-que-ver-y-vistar-en-valencia-GP-Pietro-17-07-2017-37-.webp 950w, https:\/\/avalencia.com\/wp-content\/uploads\/2018\/06\/01-que-ver-y-vistar-en-valencia-GP-Pietro-17-07-2017-37--300x201.webp 300w, https:\/\/avalencia.com\/wp-content\/uploads\/2018\/06\/01-que-ver-y-vistar-en-valencia-GP-Pietro-17-07-2017-37--768x515.webp 768w, https:\/\/avalencia.com\/wp-content\/uploads\/2018\/06\/01-que-ver-y-vistar-en-valencia-GP-Pietro-17-07-2017-37--705x473.webp 705w\" sizes=\"(max-width: 950px) 100vw, 950px\" \/><\/a><\/figure>\n\n\n\n<figure class=\"wp-block-image size-full\"><a href=\"https:\/\/avalencia.com\/wp-content\/uploads\/2018\/06\/02-que-ver-y-visitar-en-valencia-GP-Antonietta-Corvino-26-02-2017-.webp\"><img decoding=\"async\" width=\"900\" height=\"603\" data-id=\"17883\" src=\"https:\/\/avalencia.com\/wp-content\/uploads\/2018\/06\/02-que-ver-y-visitar-en-valencia-GP-Antonietta-Corvino-26-02-2017-.webp\" alt=\"der Heilige Gral von Valencia\" class=\"wp-image-17883\" srcset=\"https:\/\/avalencia.com\/wp-content\/uploads\/2018\/06\/02-que-ver-y-visitar-en-valencia-GP-Antonietta-Corvino-26-02-2017-.webp 900w, https:\/\/avalencia.com\/wp-content\/uploads\/2018\/06\/02-que-ver-y-visitar-en-valencia-GP-Antonietta-Corvino-26-02-2017--300x201.webp 300w, https:\/\/avalencia.com\/wp-content\/uploads\/2018\/06\/02-que-ver-y-visitar-en-valencia-GP-Antonietta-Corvino-26-02-2017--768x515.webp 768w, https:\/\/avalencia.com\/wp-content\/uploads\/2018\/06\/02-que-ver-y-visitar-en-valencia-GP-Antonietta-Corvino-26-02-2017--705x472.webp 705w\" sizes=\"(max-width: 900px) 100vw, 900px\" \/><\/a><\/figure>\n\n\n\n<figure class=\"wp-block-image size-full\"><a href=\"https:\/\/avalencia.com\/wp-content\/uploads\/2018\/06\/03-que-ver-y-visitar-en-valencia-GP-Tino-25-03-2016-40.webp\"><img decoding=\"async\" width=\"900\" height=\"604\" data-id=\"17888\" src=\"https:\/\/avalencia.com\/wp-content\/uploads\/2018\/06\/03-que-ver-y-visitar-en-valencia-GP-Tino-25-03-2016-40.webp\" alt=\"Kapelle von San Pedro Valencia\" class=\"wp-image-17888\" srcset=\"https:\/\/avalencia.com\/wp-content\/uploads\/2018\/06\/03-que-ver-y-visitar-en-valencia-GP-Tino-25-03-2016-40.webp 900w, https:\/\/avalencia.com\/wp-content\/uploads\/2018\/06\/03-que-ver-y-visitar-en-valencia-GP-Tino-25-03-2016-40-300x201.webp 300w, https:\/\/avalencia.com\/wp-content\/uploads\/2018\/06\/03-que-ver-y-visitar-en-valencia-GP-Tino-25-03-2016-40-768x515.webp 768w, https:\/\/avalencia.com\/wp-content\/uploads\/2018\/06\/03-que-ver-y-visitar-en-valencia-GP-Tino-25-03-2016-40-705x473.webp 705w\" sizes=\"(max-width: 900px) 100vw, 900px\" \/><\/a><\/figure>\n\n\n\n<figure class=\"wp-block-image size-full\"><a href=\"https:\/\/avalencia.com\/wp-content\/uploads\/2018\/06\/04-que-ver-y-visitar-en-valencia-GP-Italia-07-10-2017-28.webp\"><img decoding=\"async\" width=\"950\" height=\"637\" data-id=\"17893\" src=\"https:\/\/avalencia.com\/wp-content\/uploads\/2018\/06\/04-que-ver-y-visitar-en-valencia-GP-Italia-07-10-2017-28.webp\" alt=\"Kuppelgew\u00f6lbe der Kathedrale Valencia\" class=\"wp-image-17893\" srcset=\"https:\/\/avalencia.com\/wp-content\/uploads\/2018\/06\/04-que-ver-y-visitar-en-valencia-GP-Italia-07-10-2017-28.webp 950w, https:\/\/avalencia.com\/wp-content\/uploads\/2018\/06\/04-que-ver-y-visitar-en-valencia-GP-Italia-07-10-2017-28-300x201.webp 300w, https:\/\/avalencia.com\/wp-content\/uploads\/2018\/06\/04-que-ver-y-visitar-en-valencia-GP-Italia-07-10-2017-28-768x515.webp 768w, https:\/\/avalencia.com\/wp-content\/uploads\/2018\/06\/04-que-ver-y-visitar-en-valencia-GP-Italia-07-10-2017-28-705x473.webp 705w\" sizes=\"(max-width: 950px) 100vw, 950px\" \/><\/a><\/figure>\n\n\n\n<figure class=\"wp-block-image size-large\"><a href=\"https:\/\/avalencia.com\/wp-content\/uploads\/2018\/06\/05-que-ver-y-visitar-en-valencia-.webp\"><img decoding=\"async\" width=\"900\" height=\"675\" data-id=\"17898\" src=\"https:\/\/avalencia.com\/wp-content\/uploads\/2018\/06\/05-que-ver-y-visitar-en-valencia-.webp\" alt=\"\" class=\"wp-image-17898\" srcset=\"https:\/\/avalencia.com\/wp-content\/uploads\/2018\/06\/05-que-ver-y-visitar-en-valencia-.webp 900w, https:\/\/avalencia.com\/wp-content\/uploads\/2018\/06\/05-que-ver-y-visitar-en-valencia--300x225.webp 300w, https:\/\/avalencia.com\/wp-content\/uploads\/2018\/06\/05-que-ver-y-visitar-en-valencia--768x576.webp 768w, https:\/\/avalencia.com\/wp-content\/uploads\/2018\/06\/05-que-ver-y-visitar-en-valencia--705x529.webp 705w\" sizes=\"(max-width: 900px) 100vw, 900px\" \/><\/a><\/figure>\n\n\n\n<figure class=\"wp-block-image size-full\"><a href=\"https:\/\/avalencia.com\/wp-content\/uploads\/2018\/06\/06-que-ver-y-visitar-en-valencia-GP-Guilia-06-05-2017-17-1024x687-1.webp\"><img decoding=\"async\" width=\"950\" height=\"637\" data-id=\"17903\" src=\"https:\/\/avalencia.com\/wp-content\/uploads\/2018\/06\/06-que-ver-y-visitar-en-valencia-GP-Guilia-06-05-2017-17-1024x687-1.webp\" alt=\"Gew\u00f6lbe der Kathedrale von Valencia\" class=\"wp-image-17903\" srcset=\"https:\/\/avalencia.com\/wp-content\/uploads\/2018\/06\/06-que-ver-y-visitar-en-valencia-GP-Guilia-06-05-2017-17-1024x687-1.webp 950w, https:\/\/avalencia.com\/wp-content\/uploads\/2018\/06\/06-que-ver-y-visitar-en-valencia-GP-Guilia-06-05-2017-17-1024x687-1-300x201.webp 300w, https:\/\/avalencia.com\/wp-content\/uploads\/2018\/06\/06-que-ver-y-visitar-en-valencia-GP-Guilia-06-05-2017-17-1024x687-1-768x515.webp 768w, https:\/\/avalencia.com\/wp-content\/uploads\/2018\/06\/06-que-ver-y-visitar-en-valencia-GP-Guilia-06-05-2017-17-1024x687-1-705x473.webp 705w\" sizes=\"(max-width: 950px) 100vw, 950px\" \/><\/a><\/figure>\n\n\n\n<figure class=\"wp-block-image size-full\"><a href=\"https:\/\/avalencia.com\/wp-content\/uploads\/2018\/06\/07-Quer-y-Visitar-GP-Italia-07-10-2017-21.webp\"><img decoding=\"async\" width=\"900\" height=\"604\" data-id=\"17908\" src=\"https:\/\/avalencia.com\/wp-content\/uploads\/2018\/06\/07-Quer-y-Visitar-GP-Italia-07-10-2017-21.webp\" alt=\"Kathedrale von Valencia\" class=\"wp-image-17908\" srcset=\"https:\/\/avalencia.com\/wp-content\/uploads\/2018\/06\/07-Quer-y-Visitar-GP-Italia-07-10-2017-21.webp 900w, https:\/\/avalencia.com\/wp-content\/uploads\/2018\/06\/07-Quer-y-Visitar-GP-Italia-07-10-2017-21-300x201.webp 300w, https:\/\/avalencia.com\/wp-content\/uploads\/2018\/06\/07-Quer-y-Visitar-GP-Italia-07-10-2017-21-768x515.webp 768w, https:\/\/avalencia.com\/wp-content\/uploads\/2018\/06\/07-Quer-y-Visitar-GP-Italia-07-10-2017-21-705x473.webp 705w\" sizes=\"(max-width: 900px) 100vw, 900px\" \/><\/a><\/figure>\n\n\n\n<figure class=\"wp-block-image size-full\"><a href=\"https:\/\/avalencia.com\/wp-content\/uploads\/2018\/06\/08-que-ver-y-visitar-en-valencia-GP-Filo-Viaggi-20-09-2019.webp\"><img decoding=\"async\" width=\"950\" height=\"638\" data-id=\"17913\" src=\"https:\/\/avalencia.com\/wp-content\/uploads\/2018\/06\/08-que-ver-y-visitar-en-valencia-GP-Filo-Viaggi-20-09-2019.webp\" alt=\"F\u00fchrungen durch das Viertel Carmen von Valencia\" class=\"wp-image-17913\" srcset=\"https:\/\/avalencia.com\/wp-content\/uploads\/2018\/06\/08-que-ver-y-visitar-en-valencia-GP-Filo-Viaggi-20-09-2019.webp 950w, https:\/\/avalencia.com\/wp-content\/uploads\/2018\/06\/08-que-ver-y-visitar-en-valencia-GP-Filo-Viaggi-20-09-2019-300x201.webp 300w, https:\/\/avalencia.com\/wp-content\/uploads\/2018\/06\/08-que-ver-y-visitar-en-valencia-GP-Filo-Viaggi-20-09-2019-768x516.webp 768w, https:\/\/avalencia.com\/wp-content\/uploads\/2018\/06\/08-que-ver-y-visitar-en-valencia-GP-Filo-Viaggi-20-09-2019-705x473.webp 705w\" sizes=\"(max-width: 950px) 100vw, 950px\" \/><\/a><\/figure>\n\n\n\n<figure class=\"wp-block-image size-full\"><a href=\"https:\/\/avalencia.com\/wp-content\/uploads\/2018\/06\/09-Que-ver-y-visitar-GP-Pietro-17-07-2017-18-1024x687-1.webp\"><img decoding=\"async\" width=\"950\" height=\"637\" data-id=\"17918\" src=\"https:\/\/avalencia.com\/wp-content\/uploads\/2018\/06\/09-Que-ver-y-visitar-GP-Pietro-17-07-2017-18-1024x687-1.webp\" alt=\"Kapelle des Heiligen Grals\" class=\"wp-image-17918\" srcset=\"https:\/\/avalencia.com\/wp-content\/uploads\/2018\/06\/09-Que-ver-y-visitar-GP-Pietro-17-07-2017-18-1024x687-1.webp 950w, https:\/\/avalencia.com\/wp-content\/uploads\/2018\/06\/09-Que-ver-y-visitar-GP-Pietro-17-07-2017-18-1024x687-1-300x201.webp 300w, https:\/\/avalencia.com\/wp-content\/uploads\/2018\/06\/09-Que-ver-y-visitar-GP-Pietro-17-07-2017-18-1024x687-1-768x515.webp 768w, https:\/\/avalencia.com\/wp-content\/uploads\/2018\/06\/09-Que-ver-y-visitar-GP-Pietro-17-07-2017-18-1024x687-1-705x473.webp 705w\" sizes=\"(max-width: 950px) 100vw, 950px\" \/><\/a><\/figure>\n<\/figure>\n\n\n\n<h4 class=\"wp-block-heading\">\u2022 <strong>Die Kathedrale<\/strong> <\/h4>\n\n\n\n<p>Kennen Sie den Heiligen Gral von Valencia? Das meistgesuchte Relikt der Welt, der Kelch, den Jesus Christus in seinem letzten Abendmahl benutzte. Das erz\u00e4hlen verschiedene Schriften \u2026 betrachten Sie die Renaissance-Fresken, sehen Sie das Museum der Kathedrale und vieles mehr \u2026 und wenn Sie die Emotionen und Gute Aussichten m\u00f6gen, k\u00f6nnen Sie bis zur \u201eMiguelete\u201c, dem gotischen Glockenturm der Kathedrale, mit 207 Stufen hinaufsteigen.<\/p>\n\n\n\n<h4 class=\"wp-block-heading\">\u2022 <strong>La Lonja de la Seda o de los Mercaderes, -die Seidenb\u00f6rse<\/strong> &#8211;<\/h4>\n\n\n\n<p>Eines der ber\u00fchmtesten b\u00fcrgerlichen gotischen Sehensw\u00fcrdigkeiten Europas, wurde 1996 von der Unesco zum Weltkulturerbe erkl\u00e4rt.<\/p>\n\n\n\n<h4 class=\"wp-block-heading\">\u2022 <strong>Die Kirche von San Nicol\u00e1s<\/strong><\/h4>\n\n\n\n<p>wahrscheinlich ist es das beste Beispiel f\u00fcr einen Tempel mit gotischer Struktur aus dem XV Jahrhundert mit der Dekoration von Barock der XVII Jahrhundert. Sehen Sie ihre Fresken, die das Leben seiner Schutzpatrone erz\u00e4hlen. Wussten Sie, warum es seit seiner Restaurierung im Volksmund &#8220;die valencianische Sixtinische Kapelle&#8221; genannt wurde?<\/p>\n\n\n\n<p>\u2022 <strong>Wenn Sie Pal\u00e4ste und gleichzeitig Keramik m\u00f6gen<\/strong>, k\u00f6nnen Sie <strong>den Palast des Marquis von Dos Aguas<\/strong> besuchen \u2013 das National Keramikmuseum Gonz\u00e1lez Mart\u00ed. Alabaster Fassade im Rokokostil ist sehr auff\u00e4llig.<\/p>\n\n\n\n<h4 class=\"wp-block-heading\"><strong>Das futuristische Valencia:<\/strong><\/h4>\n\n\n\n<p>Die Stadt der K\u00fcnste und Wissenschaften und der Ozeanographische Park von Valencia, von den renommierten Architekten Santiago Calatrava von Valencia und Ozeanographisch von F\u00e9lix Candela mit den einzigartigen Deckbl\u00e4ttern des Unterwasser Restaurants. Die SKW kombiniert Wissenschaft, Natur und Kunst, eine einzigartige Einheit, die sich der wissenschaftlichen Verbreitung und Kultur widmet und an den man gleichzeitig lernen und Spa\u00df haben kann.<\/p>\n\n\n\n<h4 class=\"wp-block-heading\"><strong>Wenn Sie in Valencia etwas anderes machen m\u00f6chten:<\/strong><\/h4>\n\n\n\n<p>K\u00f6nnen  Sie<strong> einen Spaziergang durch das Viertel el Carmen<\/strong> in der Stadtversammlung \u201eCiutat Vella\u201c machen. Dieses emblematische Viertel, das beliebteste und b\u00f6hmische mit verschiedenen Siedlungen in der Vergangenheit, verdankt seinen Namen der Kirche und dem Kloster von den Karmeliten Orden (mit Schuhwerk), heute \u201eel Centre del Carme\u201c, sowie dem angrenzenden Platz. Sie k\u00f6nnen durch die engen Stra\u00dfen schlendern, einige Fassaden von Pal\u00e4sten in der Caballeros-Stra\u00dfe betrachten, das Valldigna-Portal sehen, (Es wurde die Eroberung von Valencia durch K\u00f6nig Jaime I. Zugang zum Viertel &#8220;Moreria&#8221; erhalten). <strong>Und wenn Sie Stra\u00dfenkunstwerke \/ Graffiti &#8211; m\u00f6gen<\/strong>, sind Sie vielleicht am idealen Ort, denn das Viertel el Carmen ist zu einem kostenlosen Freilichtmuseum geworden. Sehr ber\u00fchmt ist die &#8220;Stra\u00dfe der Farben&#8221; &#8220;mit dem #kissmeVLC Hashtag.<br>Sie k\u00f6nnen auch ein &#8220;Agua de Valencia\u201c, das typisches Getr\u00e4nk, in diesem Nachtbereich von &#8220;la movida&#8221; nehmen, wo man das Nachtleben spielt.<\/p>\n\n\n\n<h4 class=\"wp-block-heading\"><strong>Weitere M\u00f6glichkeiten, Valencia zu besuchen<\/strong>: <\/h4>\n\n\n\n<p>Die <strong>Seidenstra\u00dfe<\/strong> und gleichzeitig andere Stadtteile wie \u201eVelluters\u201c kennenzulernen. Wenn Sie daran interessiert sind, die Urspr\u00fcnge unserer Stadt kennenzulernen, k\u00f6nnen Sie <strong>die r\u00f6mische Valentia-Route<\/strong> machen und entdecken, wie unsere Stadt 138 v. Chr. War, als es vom D\u00e9cimo Junio Bruto gegr\u00fcndet wurde. Sehen Sie, wo die Stadtmauern liefen, wo sich der Nullpunkt der Valentia Edetanorum befanden.<\/p>\n\n\n\n<h4 class=\"wp-block-heading\"><strong>Wenn Sie die Natur m\u00f6gen<\/strong>:<\/h4>\n\n\n\n<p>Vergessen Sie nicht den <strong><a href=\"https:\/\/avalencia.com\/de\/albufera-naturschutzpark-valencia\/\" target=\"_blank\" rel=\"noreferrer noopener\">Naturpark Albufera<\/a><\/strong>, eines der repr\u00e4sentativsten Feuchtgebiete und von gro\u00dfem \u00f6kologischen Wert in der valencianischen Gemeinschaft, seine \u00f6kologischen Routen durch La Devesa, eine Bootsfahrt, eine gute Paella \u2026<\/p>\n\n\n\n<p><strong>Und wenn Sie Bewegung m\u00f6chten,<\/strong> haben wir ein ideales Freizeitgebiet, den Turia Garten, (ehemaliges Flussbett des Flusses Turia) den gr\u00f6\u00dften Stadtgarten Spaniens, in dem Sie F<strong>ahrradtouren oder Segway<\/strong> unternehmen kann, den Touristenhafen der letzten America&#8217;s Cup erreichen und eine Kaffeepause einlegen k\u00f6nnen. eine valencianische &#8220;Horchata&#8221; zu probieren, ein von \u00c4rzten empfohlenes Erfrischungs- und Bio-Getr\u00e4nk, das typisch f\u00fcr Valencia ist.<\/p>\n\n\n\n<div class=\"wp-block-buttons is-horizontal is-content-justification-center is-layout-flex wp-container-core-buttons-is-layout-1 wp-block-buttons-is-layout-flex\">\n<div class=\"wp-block-button\"><a class=\"wp-block-button__link wp-element-button\" href=\"https:\/\/avalencia.com\/de\/kontakt\/\" target=\"_blank\" rel=\"noreferrer noopener\">Kontakt<\/a><\/div>\n<\/div>\n\n\n\n<div style=\"height:40px\" aria-hidden=\"true\" class=\"wp-block-spacer\"><\/div>\n","protected":false},"excerpt":{"rendered":"<p>Was es in Valencia zu sehen gibt Sehensw\u00fcrdigkeiten in valencia zu besuchen: Valencia ist eine Stadt volles Leben, die von vielen Touristen als eine der besten St\u00e4dten zum Leben angesehen wird, wegen ihrer Lebensqualit\u00e4t, wegen ihres gem\u00e4\u00dfigten Klimas, ihrer ber\u00fchmten Str\u00e4nden wie Malvarrosa, ihrer Natur mit dem Albufera-Naturpark Eines der repr\u00e4sentativsten und wertvollsten Feuchtgebieten in [&hellip;]<\/p>\n","protected":false},"author":3,"featured_media":17872,"comment_status":"closed","ping_status":"closed","sticky":false,"template":"","format":"standard","meta":{"footnotes":""},"categories":[109],"tags":[],"class_list":["post-6774","post","type-post","status-publish","format-standard","has-post-thumbnail","hentry","category-stadtfuehrungen-in-valencia"],"yoast_head":"<!-- This site is optimized with the Yoast SEO plugin v26.8 - https:\/\/yoast.com\/product\/yoast-seo-wordpress\/ -->\n<title>Sehensw\u00fcrdigkeiten in Valencia zu besuchen - AValencia<\/title>\n<meta name=\"description\" content=\"Sehensw\u00fcrdigkeiten in valencia zu besuchen mit einer anerkannten Stadtf\u00fchrerin: die Seidenb\u00f6rse, die Kathedrale, die Stadt der K\u00fcnste und Wissenschaften...\" \/>\n<meta name=\"robots\" content=\"index, follow, max-snippet:-1, max-image-preview:large, max-video-preview:-1\" \/>\n<link rel=\"canonical\" href=\"https:\/\/avalencia.com\/de\/sehenswuerdigkeiten-in-valencia-zu-besuchen\/\" \/>\n<meta property=\"og:locale\" content=\"de_DE\" \/>\n<meta property=\"og:type\" content=\"article\" \/>\n<meta property=\"og:title\" content=\"Sehensw\u00fcrdigkeiten in Valencia zu besuchen - AValencia\" \/>\n<meta property=\"og:description\" content=\"Sehensw\u00fcrdigkeiten in valencia zu besuchen mit einer anerkannten Stadtf\u00fchrerin: die Seidenb\u00f6rse, die Kathedrale, die Stadt der K\u00fcnste und Wissenschaften...\" \/>\n<meta property=\"og:url\" content=\"https:\/\/avalencia.com\/de\/sehenswuerdigkeiten-in-valencia-zu-besuchen\/\" \/>\n<meta property=\"og:site_name\" content=\"AVALENCIA\" \/>\n<meta property=\"article:publisher\" content=\"https:\/\/www.facebook.com\/angela.marisoler\" \/>\n<meta property=\"article:author\" content=\"www.facebook.com\/angela.marisoler\" \/>\n<meta property=\"article:published_time\" content=\"2020-05-05T14:25:13+00:00\" \/>\n<meta property=\"article:modified_time\" content=\"2022-12-01T19:02:11+00:00\" \/>\n<meta property=\"og:image\" content=\"https:\/\/avalencia.com\/wp-content\/uploads\/2018\/06\/destacada-Que-ver-y-visitar-GP-Italia-07-10-2017-10-copia.webp\" \/>\n\t<meta property=\"og:image:width\" content=\"946\" \/>\n\t<meta property=\"og:image:height\" content=\"499\" \/>\n\t<meta property=\"og:image:type\" content=\"image\/webp\" \/>\n<meta name=\"author\" content=\"Angela Mar\u00ed\" \/>\n<meta name=\"twitter:card\" content=\"summary_large_image\" \/>\n<meta name=\"twitter:creator\" content=\"@https:\/\/twitter.com\/GuiaAvalencia\" \/>\n<meta name=\"twitter:site\" content=\"@angelamari400\" \/>\n<meta name=\"twitter:label1\" content=\"Written by\" \/>\n\t<meta name=\"twitter:data1\" content=\"Angela Mar\u00ed\" \/>\n\t<meta name=\"twitter:label2\" content=\"Est. reading time\" \/>\n\t<meta name=\"twitter:data2\" content=\"5 minutes\" \/>\n<script type=\"application\/ld+json\" class=\"yoast-schema-graph\">{\"@context\":\"https:\/\/schema.org\",\"@graph\":[{\"@type\":\"Article\",\"@id\":\"https:\/\/avalencia.com\/de\/sehenswuerdigkeiten-in-valencia-zu-besuchen\/#article\",\"isPartOf\":{\"@id\":\"https:\/\/avalencia.com\/de\/sehenswuerdigkeiten-in-valencia-zu-besuchen\/\"},\"author\":{\"name\":\"Angela Mar\u00ed\",\"@id\":\"https:\/\/avalencia.com\/de\/#\/schema\/person\/74ce956856cc62eb244be68602e9f6b8\"},\"headline\":\"Sehensw\u00fcrdigkeiten in Valencia zu besuchen\",\"datePublished\":\"2020-05-05T14:25:13+00:00\",\"dateModified\":\"2022-12-01T19:02:11+00:00\",\"mainEntityOfPage\":{\"@id\":\"https:\/\/avalencia.com\/de\/sehenswuerdigkeiten-in-valencia-zu-besuchen\/\"},\"wordCount\":706,\"publisher\":{\"@id\":\"https:\/\/avalencia.com\/de\/#organization\"},\"image\":{\"@id\":\"https:\/\/avalencia.com\/de\/sehenswuerdigkeiten-in-valencia-zu-besuchen\/#primaryimage\"},\"thumbnailUrl\":\"https:\/\/avalencia.com\/wp-content\/uploads\/2018\/06\/destacada-Que-ver-y-visitar-GP-Italia-07-10-2017-10-copia.webp\",\"articleSection\":[\"Stadtf\u00fchrungen in Valencia\"],\"inLanguage\":\"de-DE\"},{\"@type\":\"WebPage\",\"@id\":\"https:\/\/avalencia.com\/de\/sehenswuerdigkeiten-in-valencia-zu-besuchen\/\",\"url\":\"https:\/\/avalencia.com\/de\/sehenswuerdigkeiten-in-valencia-zu-besuchen\/\",\"name\":\"Sehensw\u00fcrdigkeiten in Valencia zu besuchen - AValencia\",\"isPartOf\":{\"@id\":\"https:\/\/avalencia.com\/de\/#website\"},\"primaryImageOfPage\":{\"@id\":\"https:\/\/avalencia.com\/de\/sehenswuerdigkeiten-in-valencia-zu-besuchen\/#primaryimage\"},\"image\":{\"@id\":\"https:\/\/avalencia.com\/de\/sehenswuerdigkeiten-in-valencia-zu-besuchen\/#primaryimage\"},\"thumbnailUrl\":\"https:\/\/avalencia.com\/wp-content\/uploads\/2018\/06\/destacada-Que-ver-y-visitar-GP-Italia-07-10-2017-10-copia.webp\",\"datePublished\":\"2020-05-05T14:25:13+00:00\",\"dateModified\":\"2022-12-01T19:02:11+00:00\",\"description\":\"Sehensw\u00fcrdigkeiten in valencia zu besuchen mit einer anerkannten Stadtf\u00fchrerin: die Seidenb\u00f6rse, die Kathedrale, die Stadt der K\u00fcnste und Wissenschaften...\",\"breadcrumb\":{\"@id\":\"https:\/\/avalencia.com\/de\/sehenswuerdigkeiten-in-valencia-zu-besuchen\/#breadcrumb\"},\"inLanguage\":\"de-DE\",\"potentialAction\":[{\"@type\":\"ReadAction\",\"target\":[\"https:\/\/avalencia.com\/de\/sehenswuerdigkeiten-in-valencia-zu-besuchen\/\"]}]},{\"@type\":\"ImageObject\",\"inLanguage\":\"de-DE\",\"@id\":\"https:\/\/avalencia.com\/de\/sehenswuerdigkeiten-in-valencia-zu-besuchen\/#primaryimage\",\"url\":\"https:\/\/avalencia.com\/wp-content\/uploads\/2018\/06\/destacada-Que-ver-y-visitar-GP-Italia-07-10-2017-10-copia.webp\",\"contentUrl\":\"https:\/\/avalencia.com\/wp-content\/uploads\/2018\/06\/destacada-Que-ver-y-visitar-GP-Italia-07-10-2017-10-copia.webp\",\"width\":946,\"height\":499},{\"@type\":\"BreadcrumbList\",\"@id\":\"https:\/\/avalencia.com\/de\/sehenswuerdigkeiten-in-valencia-zu-besuchen\/#breadcrumb\",\"itemListElement\":[{\"@type\":\"ListItem\",\"position\":1,\"name\":\"Portada\",\"item\":\"https:\/\/avalencia.com\/de\/\"},{\"@type\":\"ListItem\",\"position\":2,\"name\":\"Sehensw\u00fcrdigkeiten in Valencia zu besuchen\"}]},{\"@type\":\"WebSite\",\"@id\":\"https:\/\/avalencia.com\/de\/#website\",\"url\":\"https:\/\/avalencia.com\/de\/\",\"name\":\"AVALENCIA\",\"description\":\"Visitas culturales por Valencia y alrededores\",\"publisher\":{\"@id\":\"https:\/\/avalencia.com\/de\/#organization\"},\"potentialAction\":[{\"@type\":\"SearchAction\",\"target\":{\"@type\":\"EntryPoint\",\"urlTemplate\":\"https:\/\/avalencia.com\/de\/?s={search_term_string}\"},\"query-input\":{\"@type\":\"PropertyValueSpecification\",\"valueRequired\":true,\"valueName\":\"search_term_string\"}}],\"inLanguage\":\"de-DE\"},{\"@type\":\"Organization\",\"@id\":\"https:\/\/avalencia.com\/de\/#organization\",\"name\":\"Gu\u00eda Valencia\",\"url\":\"https:\/\/avalencia.com\/de\/\",\"logo\":{\"@type\":\"ImageObject\",\"inLanguage\":\"de-DE\",\"@id\":\"https:\/\/avalencia.com\/de\/#\/schema\/logo\/image\/\",\"url\":\"\",\"contentUrl\":\"\",\"caption\":\"Gu\u00eda Valencia\"},\"image\":{\"@id\":\"https:\/\/avalencia.com\/de\/#\/schema\/logo\/image\/\"},\"sameAs\":[\"https:\/\/www.facebook.com\/angela.marisoler\",\"https:\/\/x.com\/angelamari400\",\"https:\/\/www.instagram.com\/angelamarisoler\/\",\"https:\/\/www.linkedin.com\/feed\/?trk=guest_homepage-basic_sign-in-submit\",\"https:\/\/www.youtube.com\/channel\/UC4bWyTV2CWI65Qf0r1pjuXg?view_as=subscriber\"]},{\"@type\":\"Person\",\"@id\":\"https:\/\/avalencia.com\/de\/#\/schema\/person\/74ce956856cc62eb244be68602e9f6b8\",\"name\":\"Angela Mar\u00ed\",\"image\":{\"@type\":\"ImageObject\",\"inLanguage\":\"de-DE\",\"@id\":\"https:\/\/avalencia.com\/de\/#\/schema\/person\/image\/\",\"url\":\"https:\/\/secure.gravatar.com\/avatar\/ed61a19cd30dccfdfbd01b90817c0aba?s=96&d=mm&r=g\",\"contentUrl\":\"https:\/\/secure.gravatar.com\/avatar\/ed61a19cd30dccfdfbd01b90817c0aba?s=96&d=mm&r=g\",\"caption\":\"Angela Mar\u00ed\"},\"sameAs\":[\"http:\/\/www.avalencia.com\",\"www.facebook.com\/angela.marisoler\",\"www.instagram.com\/angelamarisoler\/?hl=es\",\"www.linkedin.com\/in\/angela-mari-soler-899a1062\",\"https:\/\/x.com\/https:\/\/twitter.com\/GuiaAvalencia\",\"https:\/\/www.youtube.com\/channel\/UC4bWyTV2CWI65Qf0r1pjuXg?view_as=subscriber\"],\"url\":\"https:\/\/avalencia.com\/de\/author\/angelaadm\/\"}]}<\/script>\n<!-- \/ Yoast SEO plugin. -->","yoast_head_json":{"title":"Sehensw\u00fcrdigkeiten in Valencia zu besuchen - AValencia","description":"Sehensw\u00fcrdigkeiten in valencia zu besuchen mit einer anerkannten Stadtf\u00fchrerin: die Seidenb\u00f6rse, die Kathedrale, die Stadt der K\u00fcnste und Wissenschaften...","robots":{"index":"index","follow":"follow","max-snippet":"max-snippet:-1","max-image-preview":"max-image-preview:large","max-video-preview":"max-video-preview:-1"},"canonical":"https:\/\/avalencia.com\/de\/sehenswuerdigkeiten-in-valencia-zu-besuchen\/","og_locale":"de_DE","og_type":"article","og_title":"Sehensw\u00fcrdigkeiten in Valencia zu besuchen - AValencia","og_description":"Sehensw\u00fcrdigkeiten in valencia zu besuchen mit einer anerkannten Stadtf\u00fchrerin: die Seidenb\u00f6rse, die Kathedrale, die Stadt der K\u00fcnste und Wissenschaften...","og_url":"https:\/\/avalencia.com\/de\/sehenswuerdigkeiten-in-valencia-zu-besuchen\/","og_site_name":"AVALENCIA","article_publisher":"https:\/\/www.facebook.com\/angela.marisoler","article_author":"www.facebook.com\/angela.marisoler","article_published_time":"2020-05-05T14:25:13+00:00","article_modified_time":"2022-12-01T19:02:11+00:00","og_image":[{"width":946,"height":499,"url":"https:\/\/avalencia.com\/wp-content\/uploads\/2018\/06\/destacada-Que-ver-y-visitar-GP-Italia-07-10-2017-10-copia.webp","type":"image\/webp"}],"author":"Angela Mar\u00ed","twitter_card":"summary_large_image","twitter_creator":"@https:\/\/twitter.com\/GuiaAvalencia","twitter_site":"@angelamari400","twitter_misc":{"Written by":"Angela Mar\u00ed","Est. reading time":"5 minutes"},"schema":{"@context":"https:\/\/schema.org","@graph":[{"@type":"Article","@id":"https:\/\/avalencia.com\/de\/sehenswuerdigkeiten-in-valencia-zu-besuchen\/#article","isPartOf":{"@id":"https:\/\/avalencia.com\/de\/sehenswuerdigkeiten-in-valencia-zu-besuchen\/"},"author":{"name":"Angela Mar\u00ed","@id":"https:\/\/avalencia.com\/de\/#\/schema\/person\/74ce956856cc62eb244be68602e9f6b8"},"headline":"Sehensw\u00fcrdigkeiten in Valencia zu besuchen","datePublished":"2020-05-05T14:25:13+00:00","dateModified":"2022-12-01T19:02:11+00:00","mainEntityOfPage":{"@id":"https:\/\/avalencia.com\/de\/sehenswuerdigkeiten-in-valencia-zu-besuchen\/"},"wordCount":706,"publisher":{"@id":"https:\/\/avalencia.com\/de\/#organization"},"image":{"@id":"https:\/\/avalencia.com\/de\/sehenswuerdigkeiten-in-valencia-zu-besuchen\/#primaryimage"},"thumbnailUrl":"https:\/\/avalencia.com\/wp-content\/uploads\/2018\/06\/destacada-Que-ver-y-visitar-GP-Italia-07-10-2017-10-copia.webp","articleSection":["Stadtf\u00fchrungen in Valencia"],"inLanguage":"de-DE"},{"@type":"WebPage","@id":"https:\/\/avalencia.com\/de\/sehenswuerdigkeiten-in-valencia-zu-besuchen\/","url":"https:\/\/avalencia.com\/de\/sehenswuerdigkeiten-in-valencia-zu-besuchen\/","name":"Sehensw\u00fcrdigkeiten in Valencia zu besuchen - AValencia","isPartOf":{"@id":"https:\/\/avalencia.com\/de\/#website"},"primaryImageOfPage":{"@id":"https:\/\/avalencia.com\/de\/sehenswuerdigkeiten-in-valencia-zu-besuchen\/#primaryimage"},"image":{"@id":"https:\/\/avalencia.com\/de\/sehenswuerdigkeiten-in-valencia-zu-besuchen\/#primaryimage"},"thumbnailUrl":"https:\/\/avalencia.com\/wp-content\/uploads\/2018\/06\/destacada-Que-ver-y-visitar-GP-Italia-07-10-2017-10-copia.webp","datePublished":"2020-05-05T14:25:13+00:00","dateModified":"2022-12-01T19:02:11+00:00","description":"Sehensw\u00fcrdigkeiten in valencia zu besuchen mit einer anerkannten Stadtf\u00fchrerin: die Seidenb\u00f6rse, die Kathedrale, die Stadt der K\u00fcnste und Wissenschaften...","breadcrumb":{"@id":"https:\/\/avalencia.com\/de\/sehenswuerdigkeiten-in-valencia-zu-besuchen\/#breadcrumb"},"inLanguage":"de-DE","potentialAction":[{"@type":"ReadAction","target":["https:\/\/avalencia.com\/de\/sehenswuerdigkeiten-in-valencia-zu-besuchen\/"]}]},{"@type":"ImageObject","inLanguage":"de-DE","@id":"https:\/\/avalencia.com\/de\/sehenswuerdigkeiten-in-valencia-zu-besuchen\/#primaryimage","url":"https:\/\/avalencia.com\/wp-content\/uploads\/2018\/06\/destacada-Que-ver-y-visitar-GP-Italia-07-10-2017-10-copia.webp","contentUrl":"https:\/\/avalencia.com\/wp-content\/uploads\/2018\/06\/destacada-Que-ver-y-visitar-GP-Italia-07-10-2017-10-copia.webp","width":946,"height":499},{"@type":"BreadcrumbList","@id":"https:\/\/avalencia.com\/de\/sehenswuerdigkeiten-in-valencia-zu-besuchen\/#breadcrumb","itemListElement":[{"@type":"ListItem","position":1,"name":"Portada","item":"https:\/\/avalencia.com\/de\/"},{"@type":"ListItem","position":2,"name":"Sehensw\u00fcrdigkeiten in Valencia zu besuchen"}]},{"@type":"WebSite","@id":"https:\/\/avalencia.com\/de\/#website","url":"https:\/\/avalencia.com\/de\/","name":"AVALENCIA","description":"Visitas culturales por Valencia y alrededores","publisher":{"@id":"https:\/\/avalencia.com\/de\/#organization"},"potentialAction":[{"@type":"SearchAction","target":{"@type":"EntryPoint","urlTemplate":"https:\/\/avalencia.com\/de\/?s={search_term_string}"},"query-input":{"@type":"PropertyValueSpecification","valueRequired":true,"valueName":"search_term_string"}}],"inLanguage":"de-DE"},{"@type":"Organization","@id":"https:\/\/avalencia.com\/de\/#organization","name":"Gu\u00eda Valencia","url":"https:\/\/avalencia.com\/de\/","logo":{"@type":"ImageObject","inLanguage":"de-DE","@id":"https:\/\/avalencia.com\/de\/#\/schema\/logo\/image\/","url":"","contentUrl":"","caption":"Gu\u00eda Valencia"},"image":{"@id":"https:\/\/avalencia.com\/de\/#\/schema\/logo\/image\/"},"sameAs":["https:\/\/www.facebook.com\/angela.marisoler","https:\/\/x.com\/angelamari400","https:\/\/www.instagram.com\/angelamarisoler\/","https:\/\/www.linkedin.com\/feed\/?trk=guest_homepage-basic_sign-in-submit","https:\/\/www.youtube.com\/channel\/UC4bWyTV2CWI65Qf0r1pjuXg?view_as=subscriber"]},{"@type":"Person","@id":"https:\/\/avalencia.com\/de\/#\/schema\/person\/74ce956856cc62eb244be68602e9f6b8","name":"Angela Mar\u00ed","image":{"@type":"ImageObject","inLanguage":"de-DE","@id":"https:\/\/avalencia.com\/de\/#\/schema\/person\/image\/","url":"https:\/\/secure.gravatar.com\/avatar\/ed61a19cd30dccfdfbd01b90817c0aba?s=96&d=mm&r=g","contentUrl":"https:\/\/secure.gravatar.com\/avatar\/ed61a19cd30dccfdfbd01b90817c0aba?s=96&d=mm&r=g","caption":"Angela Mar\u00ed"},"sameAs":["http:\/\/www.avalencia.com","www.facebook.com\/angela.marisoler","www.instagram.com\/angelamarisoler\/?hl=es","www.linkedin.com\/in\/angela-mari-soler-899a1062","https:\/\/x.com\/https:\/\/twitter.com\/GuiaAvalencia","https:\/\/www.youtube.com\/channel\/UC4bWyTV2CWI65Qf0r1pjuXg?view_as=subscriber"],"url":"https:\/\/avalencia.com\/de\/author\/angelaadm\/"}]}},"featured_image_src":"https:\/\/avalencia.com\/wp-content\/uploads\/2018\/06\/destacada-Que-ver-y-visitar-GP-Italia-07-10-2017-10-copia-600x400.webp","featured_image_src_square":"https:\/\/avalencia.com\/wp-content\/uploads\/2018\/06\/destacada-Que-ver-y-visitar-GP-Italia-07-10-2017-10-copia-600x499.webp","author_info":{"display_name":"Angela Mar\u00ed","author_link":"https:\/\/avalencia.com\/de\/author\/angelaadm\/"},"_links":{"self":[{"href":"https:\/\/avalencia.com\/de\/wp-json\/wp\/v2\/posts\/6774","targetHints":{"allow":["GET"]}}],"collection":[{"href":"https:\/\/avalencia.com\/de\/wp-json\/wp\/v2\/posts"}],"about":[{"href":"https:\/\/avalencia.com\/de\/wp-json\/wp\/v2\/types\/post"}],"author":[{"embeddable":true,"href":"https:\/\/avalencia.com\/de\/wp-json\/wp\/v2\/users\/3"}],"replies":[{"embeddable":true,"href":"https:\/\/avalencia.com\/de\/wp-json\/wp\/v2\/comments?post=6774"}],"version-history":[{"count":0,"href":"https:\/\/avalencia.com\/de\/wp-json\/wp\/v2\/posts\/6774\/revisions"}],"wp:featuredmedia":[{"embeddable":true,"href":"https:\/\/avalencia.com\/de\/wp-json\/wp\/v2\/media\/17872"}],"wp:attachment":[{"href":"https:\/\/avalencia.com\/de\/wp-json\/wp\/v2\/media?parent=6774"}],"wp:term":[{"taxonomy":"category","embeddable":true,"href":"https:\/\/avalencia.com\/de\/wp-json\/wp\/v2\/categories?post=6774"},{"taxonomy":"post_tag","embeddable":true,"href":"https:\/\/avalencia.com\/de\/wp-json\/wp\/v2\/tags?post=6774"}],"curies":[{"name":"wp","href":"https:\/\/api.w.org\/{rel}","templated":true}]}}