{"id":6788,"date":"2020-05-05T14:54:44","date_gmt":"2020-05-05T14:54:44","guid":{"rendered":"https:\/\/avalencia.com\/?p=6788"},"modified":"2022-12-01T19:19:23","modified_gmt":"2022-12-01T19:19:23","slug":"die-kirche-san-nicolas-von-valencia","status":"publish","type":"post","link":"https:\/\/avalencia.com\/de\/die-kirche-san-nicolas-von-valencia\/","title":{"rendered":"Die Kirche San Nicol\u00e1s von Valencia"},"content":{"rendered":"\n<h4 class=\"wp-block-heading\"><strong>Die Fresken der Kirche &#8211; San Nicol\u00e1s von Bari und San Pedro M\u00e1rtir von Verona &#8211; aus Valencia blenden wieder.<\/strong><\/h4>\n\n\n\n<figure class=\"wp-block-gallery has-nested-images columns-default is-cropped wp-block-gallery-1 is-layout-flex wp-block-gallery-is-layout-flex\">\n<figure class=\"wp-block-image size-large\"><a href=\"https:\/\/avalencia.com\/wp-content\/uploads\/2018\/05\/Iglesia-de-San-Nicolas-8.webp\"><img decoding=\"async\" width=\"637\" height=\"950\" data-id=\"17977\" src=\"https:\/\/avalencia.com\/wp-content\/uploads\/2018\/05\/Iglesia-de-San-Nicolas-8.webp\" alt=\"Kirche des Heiligen Nikolaus von Valencia\" class=\"wp-image-17977\" srcset=\"https:\/\/avalencia.com\/wp-content\/uploads\/2018\/05\/Iglesia-de-San-Nicolas-8.webp 637w, https:\/\/avalencia.com\/wp-content\/uploads\/2018\/05\/Iglesia-de-San-Nicolas-8-201x300.webp 201w, https:\/\/avalencia.com\/wp-content\/uploads\/2018\/05\/Iglesia-de-San-Nicolas-8-527x786.webp 527w, https:\/\/avalencia.com\/wp-content\/uploads\/2018\/05\/Iglesia-de-San-Nicolas-8-473x705.webp 473w\" sizes=\"(max-width: 637px) 100vw, 637px\" \/><\/a><\/figure>\n\n\n\n<figure class=\"wp-block-image size-large\"><a href=\"https:\/\/avalencia.com\/wp-content\/uploads\/2018\/05\/Iglesia-de-San-Nicolas-1.webp\"><img decoding=\"async\" width=\"950\" height=\"638\" data-id=\"17942\" src=\"https:\/\/avalencia.com\/wp-content\/uploads\/2018\/05\/Iglesia-de-San-Nicolas-1.webp\" alt=\"\" class=\"wp-image-17942\" srcset=\"https:\/\/avalencia.com\/wp-content\/uploads\/2018\/05\/Iglesia-de-San-Nicolas-1.webp 950w, https:\/\/avalencia.com\/wp-content\/uploads\/2018\/05\/Iglesia-de-San-Nicolas-1-300x201.webp 300w, https:\/\/avalencia.com\/wp-content\/uploads\/2018\/05\/Iglesia-de-San-Nicolas-1-768x516.webp 768w, https:\/\/avalencia.com\/wp-content\/uploads\/2018\/05\/Iglesia-de-San-Nicolas-1-705x473.webp 705w\" sizes=\"(max-width: 950px) 100vw, 950px\" \/><\/a><\/figure>\n\n\n\n<figure class=\"wp-block-image size-large\"><a href=\"https:\/\/avalencia.com\/wp-content\/uploads\/2018\/05\/Iglesia-de-San-Nicolas-2.webp\"><img decoding=\"async\" width=\"950\" height=\"638\" data-id=\"17947\" src=\"https:\/\/avalencia.com\/wp-content\/uploads\/2018\/05\/Iglesia-de-San-Nicolas-2.webp\" alt=\"Gem\u00e4lde aus der Kirche des Heiligen Nikolaus Valencia\" class=\"wp-image-17947\" srcset=\"https:\/\/avalencia.com\/wp-content\/uploads\/2018\/05\/Iglesia-de-San-Nicolas-2.webp 950w, https:\/\/avalencia.com\/wp-content\/uploads\/2018\/05\/Iglesia-de-San-Nicolas-2-300x201.webp 300w, https:\/\/avalencia.com\/wp-content\/uploads\/2018\/05\/Iglesia-de-San-Nicolas-2-768x516.webp 768w, https:\/\/avalencia.com\/wp-content\/uploads\/2018\/05\/Iglesia-de-San-Nicolas-2-705x473.webp 705w\" sizes=\"(max-width: 950px) 100vw, 950px\" \/><\/a><\/figure>\n\n\n\n<figure class=\"wp-block-image size-large\"><a href=\"https:\/\/avalencia.com\/wp-content\/uploads\/2018\/05\/Iglesia-de-San-Nicolas-3.webp\"><img decoding=\"async\" width=\"950\" height=\"638\" data-id=\"17952\" src=\"https:\/\/avalencia.com\/wp-content\/uploads\/2018\/05\/Iglesia-de-San-Nicolas-3.webp\" alt=\"Fresken der Kirche des Heiligen Nikolas von Valencia\" class=\"wp-image-17952\" srcset=\"https:\/\/avalencia.com\/wp-content\/uploads\/2018\/05\/Iglesia-de-San-Nicolas-3.webp 950w, https:\/\/avalencia.com\/wp-content\/uploads\/2018\/05\/Iglesia-de-San-Nicolas-3-300x201.webp 300w, https:\/\/avalencia.com\/wp-content\/uploads\/2018\/05\/Iglesia-de-San-Nicolas-3-768x516.webp 768w, https:\/\/avalencia.com\/wp-content\/uploads\/2018\/05\/Iglesia-de-San-Nicolas-3-705x473.webp 705w\" sizes=\"(max-width: 950px) 100vw, 950px\" \/><\/a><\/figure>\n\n\n\n<figure class=\"wp-block-image size-large\"><a href=\"https:\/\/avalencia.com\/wp-content\/uploads\/2018\/05\/Iglesia-de-San-Nicolas-4.webp\"><img decoding=\"async\" width=\"950\" height=\"638\" data-id=\"17957\" src=\"https:\/\/avalencia.com\/wp-content\/uploads\/2018\/05\/Iglesia-de-San-Nicolas-4.webp\" alt=\"\" class=\"wp-image-17957\" srcset=\"https:\/\/avalencia.com\/wp-content\/uploads\/2018\/05\/Iglesia-de-San-Nicolas-4.webp 950w, https:\/\/avalencia.com\/wp-content\/uploads\/2018\/05\/Iglesia-de-San-Nicolas-4-300x201.webp 300w, https:\/\/avalencia.com\/wp-content\/uploads\/2018\/05\/Iglesia-de-San-Nicolas-4-768x516.webp 768w, https:\/\/avalencia.com\/wp-content\/uploads\/2018\/05\/Iglesia-de-San-Nicolas-4-705x473.webp 705w\" sizes=\"(max-width: 950px) 100vw, 950px\" \/><\/a><\/figure>\n\n\n\n<figure class=\"wp-block-image size-large\"><a href=\"https:\/\/avalencia.com\/wp-content\/uploads\/2018\/05\/Iglesia-de-San-Nicolas-5.webp\"><img decoding=\"async\" width=\"950\" height=\"638\" data-id=\"17962\" src=\"https:\/\/avalencia.com\/wp-content\/uploads\/2018\/05\/Iglesia-de-San-Nicolas-5.webp\" alt=\"\" class=\"wp-image-17962\" srcset=\"https:\/\/avalencia.com\/wp-content\/uploads\/2018\/05\/Iglesia-de-San-Nicolas-5.webp 950w, https:\/\/avalencia.com\/wp-content\/uploads\/2018\/05\/Iglesia-de-San-Nicolas-5-300x201.webp 300w, https:\/\/avalencia.com\/wp-content\/uploads\/2018\/05\/Iglesia-de-San-Nicolas-5-768x516.webp 768w, https:\/\/avalencia.com\/wp-content\/uploads\/2018\/05\/Iglesia-de-San-Nicolas-5-705x473.webp 705w\" sizes=\"(max-width: 950px) 100vw, 950px\" \/><\/a><\/figure>\n\n\n\n<figure class=\"wp-block-image size-large\"><a href=\"https:\/\/avalencia.com\/wp-content\/uploads\/2018\/05\/Iglesia-de-San-Nicolas-6.webp\"><img decoding=\"async\" width=\"950\" height=\"638\" data-id=\"17967\" src=\"https:\/\/avalencia.com\/wp-content\/uploads\/2018\/05\/Iglesia-de-San-Nicolas-6.webp\" alt=\"Sankt Nikolaus Valencia\" class=\"wp-image-17967\" srcset=\"https:\/\/avalencia.com\/wp-content\/uploads\/2018\/05\/Iglesia-de-San-Nicolas-6.webp 950w, https:\/\/avalencia.com\/wp-content\/uploads\/2018\/05\/Iglesia-de-San-Nicolas-6-300x201.webp 300w, https:\/\/avalencia.com\/wp-content\/uploads\/2018\/05\/Iglesia-de-San-Nicolas-6-768x516.webp 768w, https:\/\/avalencia.com\/wp-content\/uploads\/2018\/05\/Iglesia-de-San-Nicolas-6-705x473.webp 705w\" sizes=\"(max-width: 950px) 100vw, 950px\" \/><\/a><\/figure>\n\n\n\n<figure class=\"wp-block-image size-large\"><a href=\"https:\/\/avalencia.com\/wp-content\/uploads\/2018\/05\/Iglesia-de-San-Nicolas-9.webp\"><img decoding=\"async\" width=\"950\" height=\"637\" data-id=\"17982\" src=\"https:\/\/avalencia.com\/wp-content\/uploads\/2018\/05\/Iglesia-de-San-Nicolas-9.webp\" alt=\"\" class=\"wp-image-17982\" srcset=\"https:\/\/avalencia.com\/wp-content\/uploads\/2018\/05\/Iglesia-de-San-Nicolas-9.webp 950w, https:\/\/avalencia.com\/wp-content\/uploads\/2018\/05\/Iglesia-de-San-Nicolas-9-300x201.webp 300w, https:\/\/avalencia.com\/wp-content\/uploads\/2018\/05\/Iglesia-de-San-Nicolas-9-768x515.webp 768w, https:\/\/avalencia.com\/wp-content\/uploads\/2018\/05\/Iglesia-de-San-Nicolas-9-705x473.webp 705w\" sizes=\"(max-width: 950px) 100vw, 950px\" \/><\/a><\/figure>\n\n\n\n<figure class=\"wp-block-image size-large\"><a href=\"https:\/\/avalencia.com\/wp-content\/uploads\/2018\/05\/Iglesia-de-San-Nicolas-10.webp\"><img decoding=\"async\" width=\"950\" height=\"703\" data-id=\"17987\" src=\"https:\/\/avalencia.com\/wp-content\/uploads\/2018\/05\/Iglesia-de-San-Nicolas-10.webp\" alt=\"\" class=\"wp-image-17987\" srcset=\"https:\/\/avalencia.com\/wp-content\/uploads\/2018\/05\/Iglesia-de-San-Nicolas-10.webp 950w, https:\/\/avalencia.com\/wp-content\/uploads\/2018\/05\/Iglesia-de-San-Nicolas-10-300x222.webp 300w, https:\/\/avalencia.com\/wp-content\/uploads\/2018\/05\/Iglesia-de-San-Nicolas-10-768x568.webp 768w, https:\/\/avalencia.com\/wp-content\/uploads\/2018\/05\/Iglesia-de-San-Nicolas-10-705x522.webp 705w\" sizes=\"(max-width: 950px) 100vw, 950px\" \/><\/a><\/figure>\n\n\n\n<figure class=\"wp-block-image size-large\"><a href=\"https:\/\/avalencia.com\/wp-content\/uploads\/2018\/05\/Iglesia-de-San-Nicolas-11.webp\"><img decoding=\"async\" width=\"950\" height=\"637\" data-id=\"17992\" src=\"https:\/\/avalencia.com\/wp-content\/uploads\/2018\/05\/Iglesia-de-San-Nicolas-11.webp\" alt=\"Ikone der Jungfrau der Beihilfe - Valencia\" class=\"wp-image-17992\" srcset=\"https:\/\/avalencia.com\/wp-content\/uploads\/2018\/05\/Iglesia-de-San-Nicolas-11.webp 950w, https:\/\/avalencia.com\/wp-content\/uploads\/2018\/05\/Iglesia-de-San-Nicolas-11-300x201.webp 300w, https:\/\/avalencia.com\/wp-content\/uploads\/2018\/05\/Iglesia-de-San-Nicolas-11-768x515.webp 768w, https:\/\/avalencia.com\/wp-content\/uploads\/2018\/05\/Iglesia-de-San-Nicolas-11-705x473.webp 705w\" sizes=\"(max-width: 950px) 100vw, 950px\" \/><\/a><\/figure>\n<\/figure>\n\n\n<h4 style=\"text-align: center;\">\u00a0<\/h4>\n<h4>Die Renovierung\u00a0 der Kirche San Nicolas von Valencia hat im Jahre 2012 begonnen und wurde im Februar 2016 fertiggestellt.<\/h4>\n<p>Die Stiftung, die diese Arbeiten finanziert hat, hei\u03b2t <a href=\"https:\/\/www.fundacionhortensiaherrero.org\/quienes-somos\/\" target=\"_blank\" rel=\"noopener noreferrer\">Fundaci\u00f3n Hortensia Herrero<\/a>, und der Architekt war Carlos Campos von der Universit\u00e4t Valencia zusammen mit Pilar Roig.<\/p>\n<p>Die Stadt Valencia hat ihre &#8220;Sixtinische Kapelle&#8221; mit der Sanierung der Fresken in der Nikolauskirche ans Licht gebracht, fast 2.000 Quadratmeter Gem\u00e4lde, die nach fast vier Jahren Arbeit und Verwendung modernster Techniken entstanden sind. Dieses Ort verwandelte sich in einen &#8220;Tempel des Glaubens und der Kreativit\u00e4t&#8221;.<br \/>Der Ursprung von der Nikolauskirche geht auf eine erbaute gotische Kirche im 13. Jahrhundert zur\u00fcck, die Teil der sogenannten ersten zw\u00f6lf christlichen Pfarreien in der Stadt Valencia war. Das primitive Geb\u00e4ude wurde sp\u00e4ter auf Initiative des damaligen Rektors der Pfarrei Alfonso de Borja (zuk\u00fcnftiger Bischof von Valencia und zuk\u00fcnftiger Papst Callisto III.) zwischen 1419 und 1455 im gotischen Stil renoviert. Der Architekt P\u00e9rez Castiel begann 1693 mit der Renovierung der Kirche San Nicol\u00e1s nach \u00e4sthetischem Geschmack des Barocks.<br \/>Jetzt ist die Kirche San Nicol\u00e1s eines der besten Beispiele f\u00fcr das Zusammenleben von gotischem Stil des 15. Jahrhunderts und Dekoration von barock des 17. Jahrhunderts.<\/p>\n<p>Die Fresken\/Wandmalereien wurden von Dionis Vidal nach &#8220;dem Plan&#8221; seines Lehrers Antonio Palomino angefertigt, der auch die Fresken in der Hauptkuppel der Basilika der Virgen de los Desamparados verfasst hat. Die Fresken wurden von Antonio Palomino entworfen und seinem Sch\u00fcler Dionis Vidal gemalt.<\/p>\n<p>Dieses eindrucksvolle Wandbild zeichnet sich nicht nur wegen seiner Sch\u00f6nheit aus, sondern auch wegen seiner narrative Natur, da das Kirchenschiff konzeptionell in zwei Teile geteilt sind: Ein Teil erz\u00e4hlt das Leben des Heiligen Nikolaus von Bari und der andere das des Heiligen Petrus der M\u00e4rtyrer von Verona, der beiden Heiligen a wem die Kirche gewidmet ist.<\/p>\n<p>Eintritt in die Kirche\u2026. 3,50 \u20ac<\/p>\n<p style=\"text-align: center;\"><iframe src=\"https:\/\/www.youtube.com\/embed\/gDwsBZb9KIo\" width=\"500\" height=\"300\" frameborder=\"0\" allowfullscreen=\"allowfullscreen\"><\/iframe><\/p>\n<p>Stadtf\u00fchrung: <a href=\"https:\/\/avalencia.com\/de\/historisches-zentrum-valencia\/\" target=\"_blank\" rel=\"noopener\">Historisches Zentrum von Valencia<\/a> +\u00a0 die Kirche San Nicol\u00e1s<\/p>\n\n\n<div class=\"wp-block-buttons is-horizontal is-content-justification-center is-layout-flex wp-container-core-buttons-is-layout-1 wp-block-buttons-is-layout-flex\">\n<div class=\"wp-block-button\"><a class=\"wp-block-button__link wp-element-button\" href=\"https:\/\/avalencia.com\/de\/kontakt\/\" target=\"_blank\" rel=\"noreferrer noopener\">Kontakt<\/a><\/div>\n<\/div>\n","protected":false},"excerpt":{"rendered":"<p>Die Fresken der Kirche &#8211; San Nicol\u00e1s von Bari und San Pedro M\u00e1rtir von Verona &#8211; aus Valencia blenden wieder. \u00a0 Die Renovierung\u00a0 der Kirche San Nicolas von Valencia hat im Jahre 2012 begonnen und wurde im Februar 2016 fertiggestellt. Die Stiftung, die diese Arbeiten finanziert hat, hei\u03b2t Fundaci\u00f3n Hortensia Herrero, und der Architekt war [&hellip;]<\/p>\n","protected":false},"author":3,"featured_media":17934,"comment_status":"closed","ping_status":"open","sticky":false,"template":"","format":"standard","meta":{"footnotes":""},"categories":[109],"tags":[],"class_list":["post-6788","post","type-post","status-publish","format-standard","has-post-thumbnail","hentry","category-stadtfuehrungen-in-valencia"],"yoast_head":"<!-- This site is optimized with the Yoast SEO plugin v26.8 - https:\/\/yoast.com\/product\/yoast-seo-wordpress\/ -->\n<title>Die Kirche San Nicol\u00e1s von Valencia - AValencia<\/title>\n<meta name=\"description\" content=\"Die Fresken der Kirche San Nicol\u00e1s von Bari und San Pedro M\u00e1rtir von Verona aus Valencia blenden wieder.\" \/>\n<meta name=\"robots\" content=\"index, follow, max-snippet:-1, max-image-preview:large, max-video-preview:-1\" \/>\n<link rel=\"canonical\" href=\"https:\/\/avalencia.com\/de\/die-kirche-san-nicolas-von-valencia\/\" \/>\n<meta property=\"og:locale\" content=\"de_DE\" \/>\n<meta property=\"og:type\" content=\"article\" \/>\n<meta property=\"og:title\" content=\"Die Kirche San Nicol\u00e1s von Valencia - AValencia\" \/>\n<meta property=\"og:description\" content=\"Die Fresken der Kirche San Nicol\u00e1s von Bari und San Pedro M\u00e1rtir von Verona aus Valencia blenden wieder.\" \/>\n<meta property=\"og:url\" content=\"https:\/\/avalencia.com\/de\/die-kirche-san-nicolas-von-valencia\/\" \/>\n<meta property=\"og:site_name\" content=\"AVALENCIA\" \/>\n<meta property=\"article:publisher\" content=\"https:\/\/www.facebook.com\/angela.marisoler\" \/>\n<meta property=\"article:author\" content=\"www.facebook.com\/angela.marisoler\" \/>\n<meta property=\"article:published_time\" content=\"2020-05-05T14:54:44+00:00\" \/>\n<meta property=\"article:modified_time\" content=\"2022-12-01T19:19:23+00:00\" \/>\n<meta property=\"og:image\" content=\"https:\/\/avalencia.com\/wp-content\/uploads\/2022\/08\/destacada-Iglesia-de-San-Nicolas-18.webp\" \/>\n\t<meta property=\"og:image:width\" content=\"950\" \/>\n\t<meta property=\"og:image:height\" content=\"637\" \/>\n\t<meta property=\"og:image:type\" content=\"image\/webp\" \/>\n<meta name=\"author\" content=\"Angela Mar\u00ed\" \/>\n<meta name=\"twitter:card\" content=\"summary_large_image\" \/>\n<meta name=\"twitter:creator\" content=\"@https:\/\/twitter.com\/GuiaAvalencia\" \/>\n<meta name=\"twitter:site\" content=\"@angelamari400\" \/>\n<meta name=\"twitter:label1\" content=\"Written by\" \/>\n\t<meta name=\"twitter:data1\" content=\"Angela Mar\u00ed\" \/>\n\t<meta name=\"twitter:label2\" content=\"Est. reading time\" \/>\n\t<meta name=\"twitter:data2\" content=\"4 minutes\" \/>\n<script type=\"application\/ld+json\" class=\"yoast-schema-graph\">{\"@context\":\"https:\/\/schema.org\",\"@graph\":[{\"@type\":\"Article\",\"@id\":\"https:\/\/avalencia.com\/de\/die-kirche-san-nicolas-von-valencia\/#article\",\"isPartOf\":{\"@id\":\"https:\/\/avalencia.com\/de\/die-kirche-san-nicolas-von-valencia\/\"},\"author\":{\"name\":\"Angela Mar\u00ed\",\"@id\":\"https:\/\/avalencia.com\/de\/#\/schema\/person\/74ce956856cc62eb244be68602e9f6b8\"},\"headline\":\"Die Kirche San Nicol\u00e1s von Valencia\",\"datePublished\":\"2020-05-05T14:54:44+00:00\",\"dateModified\":\"2022-12-01T19:19:23+00:00\",\"mainEntityOfPage\":{\"@id\":\"https:\/\/avalencia.com\/de\/die-kirche-san-nicolas-von-valencia\/\"},\"wordCount\":349,\"publisher\":{\"@id\":\"https:\/\/avalencia.com\/de\/#organization\"},\"image\":{\"@id\":\"https:\/\/avalencia.com\/de\/die-kirche-san-nicolas-von-valencia\/#primaryimage\"},\"thumbnailUrl\":\"https:\/\/avalencia.com\/wp-content\/uploads\/2022\/08\/destacada-Iglesia-de-San-Nicolas-18.webp\",\"articleSection\":[\"Stadtf\u00fchrungen in Valencia\"],\"inLanguage\":\"de-DE\"},{\"@type\":\"WebPage\",\"@id\":\"https:\/\/avalencia.com\/de\/die-kirche-san-nicolas-von-valencia\/\",\"url\":\"https:\/\/avalencia.com\/de\/die-kirche-san-nicolas-von-valencia\/\",\"name\":\"Die Kirche San Nicol\u00e1s von Valencia - AValencia\",\"isPartOf\":{\"@id\":\"https:\/\/avalencia.com\/de\/#website\"},\"primaryImageOfPage\":{\"@id\":\"https:\/\/avalencia.com\/de\/die-kirche-san-nicolas-von-valencia\/#primaryimage\"},\"image\":{\"@id\":\"https:\/\/avalencia.com\/de\/die-kirche-san-nicolas-von-valencia\/#primaryimage\"},\"thumbnailUrl\":\"https:\/\/avalencia.com\/wp-content\/uploads\/2022\/08\/destacada-Iglesia-de-San-Nicolas-18.webp\",\"datePublished\":\"2020-05-05T14:54:44+00:00\",\"dateModified\":\"2022-12-01T19:19:23+00:00\",\"description\":\"Die Fresken der Kirche San Nicol\u00e1s von Bari und San Pedro M\u00e1rtir von Verona aus Valencia blenden wieder.\",\"breadcrumb\":{\"@id\":\"https:\/\/avalencia.com\/de\/die-kirche-san-nicolas-von-valencia\/#breadcrumb\"},\"inLanguage\":\"de-DE\",\"potentialAction\":[{\"@type\":\"ReadAction\",\"target\":[\"https:\/\/avalencia.com\/de\/die-kirche-san-nicolas-von-valencia\/\"]}]},{\"@type\":\"ImageObject\",\"inLanguage\":\"de-DE\",\"@id\":\"https:\/\/avalencia.com\/de\/die-kirche-san-nicolas-von-valencia\/#primaryimage\",\"url\":\"https:\/\/avalencia.com\/wp-content\/uploads\/2022\/08\/destacada-Iglesia-de-San-Nicolas-18.webp\",\"contentUrl\":\"https:\/\/avalencia.com\/wp-content\/uploads\/2022\/08\/destacada-Iglesia-de-San-Nicolas-18.webp\",\"width\":950,\"height\":637},{\"@type\":\"BreadcrumbList\",\"@id\":\"https:\/\/avalencia.com\/de\/die-kirche-san-nicolas-von-valencia\/#breadcrumb\",\"itemListElement\":[{\"@type\":\"ListItem\",\"position\":1,\"name\":\"Portada\",\"item\":\"https:\/\/avalencia.com\/de\/\"},{\"@type\":\"ListItem\",\"position\":2,\"name\":\"Die Kirche San Nicol\u00e1s von Valencia\"}]},{\"@type\":\"WebSite\",\"@id\":\"https:\/\/avalencia.com\/de\/#website\",\"url\":\"https:\/\/avalencia.com\/de\/\",\"name\":\"AVALENCIA\",\"description\":\"Visitas culturales por Valencia y alrededores\",\"publisher\":{\"@id\":\"https:\/\/avalencia.com\/de\/#organization\"},\"potentialAction\":[{\"@type\":\"SearchAction\",\"target\":{\"@type\":\"EntryPoint\",\"urlTemplate\":\"https:\/\/avalencia.com\/de\/?s={search_term_string}\"},\"query-input\":{\"@type\":\"PropertyValueSpecification\",\"valueRequired\":true,\"valueName\":\"search_term_string\"}}],\"inLanguage\":\"de-DE\"},{\"@type\":\"Organization\",\"@id\":\"https:\/\/avalencia.com\/de\/#organization\",\"name\":\"Gu\u00eda Valencia\",\"url\":\"https:\/\/avalencia.com\/de\/\",\"logo\":{\"@type\":\"ImageObject\",\"inLanguage\":\"de-DE\",\"@id\":\"https:\/\/avalencia.com\/de\/#\/schema\/logo\/image\/\",\"url\":\"\",\"contentUrl\":\"\",\"caption\":\"Gu\u00eda Valencia\"},\"image\":{\"@id\":\"https:\/\/avalencia.com\/de\/#\/schema\/logo\/image\/\"},\"sameAs\":[\"https:\/\/www.facebook.com\/angela.marisoler\",\"https:\/\/x.com\/angelamari400\",\"https:\/\/www.instagram.com\/angelamarisoler\/\",\"https:\/\/www.linkedin.com\/feed\/?trk=guest_homepage-basic_sign-in-submit\",\"https:\/\/www.youtube.com\/channel\/UC4bWyTV2CWI65Qf0r1pjuXg?view_as=subscriber\"]},{\"@type\":\"Person\",\"@id\":\"https:\/\/avalencia.com\/de\/#\/schema\/person\/74ce956856cc62eb244be68602e9f6b8\",\"name\":\"Angela Mar\u00ed\",\"image\":{\"@type\":\"ImageObject\",\"inLanguage\":\"de-DE\",\"@id\":\"https:\/\/avalencia.com\/de\/#\/schema\/person\/image\/\",\"url\":\"https:\/\/secure.gravatar.com\/avatar\/ed61a19cd30dccfdfbd01b90817c0aba?s=96&d=mm&r=g\",\"contentUrl\":\"https:\/\/secure.gravatar.com\/avatar\/ed61a19cd30dccfdfbd01b90817c0aba?s=96&d=mm&r=g\",\"caption\":\"Angela Mar\u00ed\"},\"sameAs\":[\"http:\/\/www.avalencia.com\",\"www.facebook.com\/angela.marisoler\",\"www.instagram.com\/angelamarisoler\/?hl=es\",\"www.linkedin.com\/in\/angela-mari-soler-899a1062\",\"https:\/\/x.com\/https:\/\/twitter.com\/GuiaAvalencia\",\"https:\/\/www.youtube.com\/channel\/UC4bWyTV2CWI65Qf0r1pjuXg?view_as=subscriber\"],\"url\":\"https:\/\/avalencia.com\/de\/author\/angelaadm\/\"}]}<\/script>\n<!-- \/ Yoast SEO plugin. -->","yoast_head_json":{"title":"Die Kirche San Nicol\u00e1s von Valencia - AValencia","description":"Die Fresken der Kirche San Nicol\u00e1s von Bari und San Pedro M\u00e1rtir von Verona aus Valencia blenden wieder.","robots":{"index":"index","follow":"follow","max-snippet":"max-snippet:-1","max-image-preview":"max-image-preview:large","max-video-preview":"max-video-preview:-1"},"canonical":"https:\/\/avalencia.com\/de\/die-kirche-san-nicolas-von-valencia\/","og_locale":"de_DE","og_type":"article","og_title":"Die Kirche San Nicol\u00e1s von Valencia - AValencia","og_description":"Die Fresken der Kirche San Nicol\u00e1s von Bari und San Pedro M\u00e1rtir von Verona aus Valencia blenden wieder.","og_url":"https:\/\/avalencia.com\/de\/die-kirche-san-nicolas-von-valencia\/","og_site_name":"AVALENCIA","article_publisher":"https:\/\/www.facebook.com\/angela.marisoler","article_author":"www.facebook.com\/angela.marisoler","article_published_time":"2020-05-05T14:54:44+00:00","article_modified_time":"2022-12-01T19:19:23+00:00","og_image":[{"width":950,"height":637,"url":"https:\/\/avalencia.com\/wp-content\/uploads\/2022\/08\/destacada-Iglesia-de-San-Nicolas-18.webp","type":"image\/webp"}],"author":"Angela Mar\u00ed","twitter_card":"summary_large_image","twitter_creator":"@https:\/\/twitter.com\/GuiaAvalencia","twitter_site":"@angelamari400","twitter_misc":{"Written by":"Angela Mar\u00ed","Est. reading time":"4 minutes"},"schema":{"@context":"https:\/\/schema.org","@graph":[{"@type":"Article","@id":"https:\/\/avalencia.com\/de\/die-kirche-san-nicolas-von-valencia\/#article","isPartOf":{"@id":"https:\/\/avalencia.com\/de\/die-kirche-san-nicolas-von-valencia\/"},"author":{"name":"Angela Mar\u00ed","@id":"https:\/\/avalencia.com\/de\/#\/schema\/person\/74ce956856cc62eb244be68602e9f6b8"},"headline":"Die Kirche San Nicol\u00e1s von Valencia","datePublished":"2020-05-05T14:54:44+00:00","dateModified":"2022-12-01T19:19:23+00:00","mainEntityOfPage":{"@id":"https:\/\/avalencia.com\/de\/die-kirche-san-nicolas-von-valencia\/"},"wordCount":349,"publisher":{"@id":"https:\/\/avalencia.com\/de\/#organization"},"image":{"@id":"https:\/\/avalencia.com\/de\/die-kirche-san-nicolas-von-valencia\/#primaryimage"},"thumbnailUrl":"https:\/\/avalencia.com\/wp-content\/uploads\/2022\/08\/destacada-Iglesia-de-San-Nicolas-18.webp","articleSection":["Stadtf\u00fchrungen in Valencia"],"inLanguage":"de-DE"},{"@type":"WebPage","@id":"https:\/\/avalencia.com\/de\/die-kirche-san-nicolas-von-valencia\/","url":"https:\/\/avalencia.com\/de\/die-kirche-san-nicolas-von-valencia\/","name":"Die Kirche San Nicol\u00e1s von Valencia - AValencia","isPartOf":{"@id":"https:\/\/avalencia.com\/de\/#website"},"primaryImageOfPage":{"@id":"https:\/\/avalencia.com\/de\/die-kirche-san-nicolas-von-valencia\/#primaryimage"},"image":{"@id":"https:\/\/avalencia.com\/de\/die-kirche-san-nicolas-von-valencia\/#primaryimage"},"thumbnailUrl":"https:\/\/avalencia.com\/wp-content\/uploads\/2022\/08\/destacada-Iglesia-de-San-Nicolas-18.webp","datePublished":"2020-05-05T14:54:44+00:00","dateModified":"2022-12-01T19:19:23+00:00","description":"Die Fresken der Kirche San Nicol\u00e1s von Bari und San Pedro M\u00e1rtir von Verona aus Valencia blenden wieder.","breadcrumb":{"@id":"https:\/\/avalencia.com\/de\/die-kirche-san-nicolas-von-valencia\/#breadcrumb"},"inLanguage":"de-DE","potentialAction":[{"@type":"ReadAction","target":["https:\/\/avalencia.com\/de\/die-kirche-san-nicolas-von-valencia\/"]}]},{"@type":"ImageObject","inLanguage":"de-DE","@id":"https:\/\/avalencia.com\/de\/die-kirche-san-nicolas-von-valencia\/#primaryimage","url":"https:\/\/avalencia.com\/wp-content\/uploads\/2022\/08\/destacada-Iglesia-de-San-Nicolas-18.webp","contentUrl":"https:\/\/avalencia.com\/wp-content\/uploads\/2022\/08\/destacada-Iglesia-de-San-Nicolas-18.webp","width":950,"height":637},{"@type":"BreadcrumbList","@id":"https:\/\/avalencia.com\/de\/die-kirche-san-nicolas-von-valencia\/#breadcrumb","itemListElement":[{"@type":"ListItem","position":1,"name":"Portada","item":"https:\/\/avalencia.com\/de\/"},{"@type":"ListItem","position":2,"name":"Die Kirche San Nicol\u00e1s von Valencia"}]},{"@type":"WebSite","@id":"https:\/\/avalencia.com\/de\/#website","url":"https:\/\/avalencia.com\/de\/","name":"AVALENCIA","description":"Visitas culturales por Valencia y alrededores","publisher":{"@id":"https:\/\/avalencia.com\/de\/#organization"},"potentialAction":[{"@type":"SearchAction","target":{"@type":"EntryPoint","urlTemplate":"https:\/\/avalencia.com\/de\/?s={search_term_string}"},"query-input":{"@type":"PropertyValueSpecification","valueRequired":true,"valueName":"search_term_string"}}],"inLanguage":"de-DE"},{"@type":"Organization","@id":"https:\/\/avalencia.com\/de\/#organization","name":"Gu\u00eda Valencia","url":"https:\/\/avalencia.com\/de\/","logo":{"@type":"ImageObject","inLanguage":"de-DE","@id":"https:\/\/avalencia.com\/de\/#\/schema\/logo\/image\/","url":"","contentUrl":"","caption":"Gu\u00eda Valencia"},"image":{"@id":"https:\/\/avalencia.com\/de\/#\/schema\/logo\/image\/"},"sameAs":["https:\/\/www.facebook.com\/angela.marisoler","https:\/\/x.com\/angelamari400","https:\/\/www.instagram.com\/angelamarisoler\/","https:\/\/www.linkedin.com\/feed\/?trk=guest_homepage-basic_sign-in-submit","https:\/\/www.youtube.com\/channel\/UC4bWyTV2CWI65Qf0r1pjuXg?view_as=subscriber"]},{"@type":"Person","@id":"https:\/\/avalencia.com\/de\/#\/schema\/person\/74ce956856cc62eb244be68602e9f6b8","name":"Angela Mar\u00ed","image":{"@type":"ImageObject","inLanguage":"de-DE","@id":"https:\/\/avalencia.com\/de\/#\/schema\/person\/image\/","url":"https:\/\/secure.gravatar.com\/avatar\/ed61a19cd30dccfdfbd01b90817c0aba?s=96&d=mm&r=g","contentUrl":"https:\/\/secure.gravatar.com\/avatar\/ed61a19cd30dccfdfbd01b90817c0aba?s=96&d=mm&r=g","caption":"Angela Mar\u00ed"},"sameAs":["http:\/\/www.avalencia.com","www.facebook.com\/angela.marisoler","www.instagram.com\/angelamarisoler\/?hl=es","www.linkedin.com\/in\/angela-mari-soler-899a1062","https:\/\/x.com\/https:\/\/twitter.com\/GuiaAvalencia","https:\/\/www.youtube.com\/channel\/UC4bWyTV2CWI65Qf0r1pjuXg?view_as=subscriber"],"url":"https:\/\/avalencia.com\/de\/author\/angelaadm\/"}]}},"featured_image_src":"https:\/\/avalencia.com\/wp-content\/uploads\/2022\/08\/destacada-Iglesia-de-San-Nicolas-18-600x400.webp","featured_image_src_square":"https:\/\/avalencia.com\/wp-content\/uploads\/2022\/08\/destacada-Iglesia-de-San-Nicolas-18-600x600.webp","author_info":{"display_name":"Angela Mar\u00ed","author_link":"https:\/\/avalencia.com\/de\/author\/angelaadm\/"},"_links":{"self":[{"href":"https:\/\/avalencia.com\/de\/wp-json\/wp\/v2\/posts\/6788","targetHints":{"allow":["GET"]}}],"collection":[{"href":"https:\/\/avalencia.com\/de\/wp-json\/wp\/v2\/posts"}],"about":[{"href":"https:\/\/avalencia.com\/de\/wp-json\/wp\/v2\/types\/post"}],"author":[{"embeddable":true,"href":"https:\/\/avalencia.com\/de\/wp-json\/wp\/v2\/users\/3"}],"replies":[{"embeddable":true,"href":"https:\/\/avalencia.com\/de\/wp-json\/wp\/v2\/comments?post=6788"}],"version-history":[{"count":0,"href":"https:\/\/avalencia.com\/de\/wp-json\/wp\/v2\/posts\/6788\/revisions"}],"wp:featuredmedia":[{"embeddable":true,"href":"https:\/\/avalencia.com\/de\/wp-json\/wp\/v2\/media\/17934"}],"wp:attachment":[{"href":"https:\/\/avalencia.com\/de\/wp-json\/wp\/v2\/media?parent=6788"}],"wp:term":[{"taxonomy":"category","embeddable":true,"href":"https:\/\/avalencia.com\/de\/wp-json\/wp\/v2\/categories?post=6788"},{"taxonomy":"post_tag","embeddable":true,"href":"https:\/\/avalencia.com\/de\/wp-json\/wp\/v2\/tags?post=6788"}],"curies":[{"name":"wp","href":"https:\/\/api.w.org\/{rel}","templated":true}]}}