{"id":6755,"date":"2020-05-05T13:25:22","date_gmt":"2020-05-05T13:25:22","guid":{"rendered":"https:\/\/avalencia.com\/?p=6755"},"modified":"2022-08-07T18:54:00","modified_gmt":"2022-08-07T18:54:00","slug":"les-bains-de-lamiral-de-valencia","status":"publish","type":"post","link":"https:\/\/avalencia.com\/fr\/les-bains-de-lamiral-de-valencia\/","title":{"rendered":"Les Bains de L&#8217;Amiral de Valencia"},"content":{"rendered":"\n<h4 class=\"wp-block-heading\"><strong>Les Bains de l&#8217;Amiral de Valencia<\/strong><\/h4>\n\n\n\n<p><a href=\"https:\/\/comunitatvalenciana.com\/fr\/valencia\/valencia\/monuments\/bains-de-lamiral\" target=\"_blank\" rel=\"noopener noreferrer\">Les bains de l&#8217;Amiral<\/a> de Valencia est un b\u00e2timent mud\u00e9jar situ\u00e9 \u00e0 c\u00f4t\u00e9 du Palacio de los Almirantes de Arag\u00f3n, dans le centre historique de Valencia. <\/p>\n\n\n\n<p>Ils ont \u00e9t\u00e9 construits entre 1313 et 1320 par Pere de Vila-rasa, chevalier et juriste sous le r\u00e8gne de Jaime II. Bien qu&#8217;ils aient \u00e9t\u00e9 construits \u00e0 l&#8217;\u00e9poque chr\u00e9tienne, ils ressemblent aux bains de vapeur ou aux hammams typiques de l&#8217;architecture islamique. C&#8217;est pourquoi le complexe doit appartenir \u00e0 l&#8217;architecture mud\u00e9jare de Valence. Ils ont \u00e9t\u00e9 construits au 14\u00e8me si\u00e8cle et ont \u00e9t\u00e9 utilis\u00e9s jusqu&#8217;au 20\u00e8me si\u00e8cle.<\/p>\n\n\n\n<figure class=\"wp-block-gallery has-nested-images columns-default is-cropped wp-block-gallery-1 is-layout-flex wp-block-gallery-is-layout-flex\">\n<figure class=\"wp-block-image size-large\"><a href=\"https:\/\/avalencia.com\/wp-content\/uploads\/2022\/08\/01GL-01-Banos-del-Almirante-Aviary-Photo_132400803009714495-590x786.webp\"><img decoding=\"async\" width=\"590\" height=\"786\" data-id=\"16982\" src=\"https:\/\/avalencia.com\/wp-content\/uploads\/2022\/08\/01GL-01-Banos-del-Almirante-Aviary-Photo_132400803009714495-590x786.webp\" alt=\"\" class=\"wp-image-16982\" srcset=\"https:\/\/avalencia.com\/wp-content\/uploads\/2022\/08\/01GL-01-Banos-del-Almirante-Aviary-Photo_132400803009714495-590x786.webp 590w, https:\/\/avalencia.com\/wp-content\/uploads\/2022\/08\/01GL-01-Banos-del-Almirante-Aviary-Photo_132400803009714495-225x300.webp 225w, https:\/\/avalencia.com\/wp-content\/uploads\/2022\/08\/01GL-01-Banos-del-Almirante-Aviary-Photo_132400803009714495-529x705.webp 529w, https:\/\/avalencia.com\/wp-content\/uploads\/2022\/08\/01GL-01-Banos-del-Almirante-Aviary-Photo_132400803009714495.webp 675w\" sizes=\"(max-width: 590px) 100vw, 590px\" \/><\/a><\/figure>\n\n\n\n<figure class=\"wp-block-image size-large\"><a href=\"https:\/\/avalencia.com\/wp-content\/uploads\/2022\/08\/01GL-02-Banos-del-Almirante-Aviary-Photo_132400817215535372-590x786.webp\"><img decoding=\"async\" width=\"590\" height=\"786\" data-id=\"16987\" src=\"https:\/\/avalencia.com\/wp-content\/uploads\/2022\/08\/01GL-02-Banos-del-Almirante-Aviary-Photo_132400817215535372-590x786.webp\" alt=\"\" class=\"wp-image-16987\" srcset=\"https:\/\/avalencia.com\/wp-content\/uploads\/2022\/08\/01GL-02-Banos-del-Almirante-Aviary-Photo_132400817215535372-590x786.webp 590w, https:\/\/avalencia.com\/wp-content\/uploads\/2022\/08\/01GL-02-Banos-del-Almirante-Aviary-Photo_132400817215535372-225x300.webp 225w, https:\/\/avalencia.com\/wp-content\/uploads\/2022\/08\/01GL-02-Banos-del-Almirante-Aviary-Photo_132400817215535372-529x705.webp 529w, https:\/\/avalencia.com\/wp-content\/uploads\/2022\/08\/01GL-02-Banos-del-Almirante-Aviary-Photo_132400817215535372.webp 675w\" sizes=\"(max-width: 590px) 100vw, 590px\" \/><\/a><\/figure>\n\n\n\n<figure class=\"wp-block-image size-large\"><a href=\"https:\/\/avalencia.com\/wp-content\/uploads\/2022\/08\/01GL-03-Banos-del-Almirante-Aviary-Photo_132400805850051470-590x786.webp\"><img decoding=\"async\" width=\"590\" height=\"786\" data-id=\"16992\" src=\"https:\/\/avalencia.com\/wp-content\/uploads\/2022\/08\/01GL-03-Banos-del-Almirante-Aviary-Photo_132400805850051470-590x786.webp\" alt=\"\" class=\"wp-image-16992\" srcset=\"https:\/\/avalencia.com\/wp-content\/uploads\/2022\/08\/01GL-03-Banos-del-Almirante-Aviary-Photo_132400805850051470-590x786.webp 590w, https:\/\/avalencia.com\/wp-content\/uploads\/2022\/08\/01GL-03-Banos-del-Almirante-Aviary-Photo_132400805850051470-225x300.webp 225w, https:\/\/avalencia.com\/wp-content\/uploads\/2022\/08\/01GL-03-Banos-del-Almirante-Aviary-Photo_132400805850051470-530x705.webp 530w, https:\/\/avalencia.com\/wp-content\/uploads\/2022\/08\/01GL-03-Banos-del-Almirante-Aviary-Photo_132400805850051470.webp 676w\" sizes=\"(max-width: 590px) 100vw, 590px\" \/><\/a><\/figure>\n<\/figure>\n\n\n\n<p>Le &#8220;hamman&#8221; \u00e9tait un b\u00e2timent public, de caract\u00e8re civil, h\u00e9rit\u00e9 des bains romains, en ce qui concerne le concept fonctionnel et constructif, bien que le monde musulman ait r\u00e9duit ses dimensions et standardis\u00e9 le plan. Comme ses r\u00e9f\u00e9rences romaines, chaque \u00e9tablissement de bains arabe, comme les Bains de l&#8217;Amiral, poss\u00e8de un hall d&#8217;entr\u00e9e (&#8220;al-bayt al-maslai&#8221;), une chambre froide (&#8220;al-bayt al-barid&#8221;), une chambre ti\u00e8de (&#8220;al-bayt al-wastani&#8221;) et une chambre chaude (&#8220;al-bayt al saiun&#8221;).<\/p>\n\n\n\n<p>Ces bains sont un exemple unique de l&#8217;art mud\u00e9jar dans la Communaut\u00e9 de Valence et ce n\u2019est pas l&#8217;un des rares bains en Espagne, mais le seul, de style arabe ou mud\u00e9jar qui ont \u00e9t\u00e9 actifs sans interruption depuis leur fondation jusqu&#8217;au XXe si\u00e8cle. <\/p>\n\n\n\n<p>Au cours du XIXe si\u00e8cle, une restauration a \u00e9t\u00e9 effectu\u00e9e, donnant au complexe un aspect n\u00e9o-arabe. <\/p>\n\n\n\n<h4 class=\"wp-block-heading\"><strong>En 1944, ils ont \u00e9t\u00e9 d\u00e9clar\u00e9s monument historico-artistique. <\/strong><\/h4>\n\n\n\n<p>En 1959, les bains ont ferm\u00e9 d\u00e9finitivement apr\u00e8s plus de six si\u00e8cles de fonctionnement en tant que bains publics. <\/p>\n\n\n\n<p>Entre 1961 et 1963, un projet de restauration a \u00e9t\u00e9 men\u00e9 pour \u00e9liminer la transformation n\u00e9o-arabe du XIXe si\u00e8cle. <\/p>\n\n\n\n<p>\u00c0 partir de 1963, un gymnase a \u00e9t\u00e9 install\u00e9 \u00e0 l&#8217;int\u00e9rieur. <\/p>\n\n\n\n<p>En 1985, la Generalitat Valenciana a acquis le b\u00e2timent. <\/p>\n\n\n\n<h4 class=\"wp-block-heading\">En 1993, il a \u00e9t\u00e9 d\u00e9clar\u00e9 Bien d&#8217;int\u00e9r\u00eat culturel (BIC) et en 1999, un projet de restauration a \u00e9t\u00e9 entrepris. <\/h4>\n\n\n\n<p>Les travaux ont commenc\u00e9 en 2001 et en 2005, le b\u00e2timent a \u00e9t\u00e9 rouvert au public.<\/p>\n\n\n\n<figure class=\"wp-block-gallery has-nested-images columns-default is-cropped wp-block-gallery-2 is-layout-flex wp-block-gallery-is-layout-flex\">\n<figure class=\"wp-block-image size-full\"><a href=\"https:\/\/avalencia.com\/wp-content\/uploads\/2018\/06\/06-GL2-Banos-Almirante_132400843087161666-copia-1.webp\"><img decoding=\"async\" width=\"900\" height=\"675\" data-id=\"17022\" src=\"https:\/\/avalencia.com\/wp-content\/uploads\/2018\/06\/06-GL2-Banos-Almirante_132400843087161666-copia-1.webp\" alt=\"\" class=\"wp-image-17022\" srcset=\"https:\/\/avalencia.com\/wp-content\/uploads\/2018\/06\/06-GL2-Banos-Almirante_132400843087161666-copia-1.webp 900w, https:\/\/avalencia.com\/wp-content\/uploads\/2018\/06\/06-GL2-Banos-Almirante_132400843087161666-copia-1-300x225.webp 300w, https:\/\/avalencia.com\/wp-content\/uploads\/2018\/06\/06-GL2-Banos-Almirante_132400843087161666-copia-1-768x576.webp 768w, https:\/\/avalencia.com\/wp-content\/uploads\/2018\/06\/06-GL2-Banos-Almirante_132400843087161666-copia-1-705x529.webp 705w\" sizes=\"(max-width: 900px) 100vw, 900px\" \/><\/a><\/figure>\n\n\n\n<figure class=\"wp-block-image size-full\"><a href=\"https:\/\/avalencia.com\/wp-content\/uploads\/2018\/06\/05-GL2-Banos-Almirante_132400783780314404-1.webp\"><img decoding=\"async\" width=\"900\" height=\"675\" data-id=\"17017\" src=\"https:\/\/avalencia.com\/wp-content\/uploads\/2018\/06\/05-GL2-Banos-Almirante_132400783780314404-1.webp\" alt=\"\" class=\"wp-image-17017\" srcset=\"https:\/\/avalencia.com\/wp-content\/uploads\/2018\/06\/05-GL2-Banos-Almirante_132400783780314404-1.webp 900w, https:\/\/avalencia.com\/wp-content\/uploads\/2018\/06\/05-GL2-Banos-Almirante_132400783780314404-1-300x225.webp 300w, https:\/\/avalencia.com\/wp-content\/uploads\/2018\/06\/05-GL2-Banos-Almirante_132400783780314404-1-768x576.webp 768w, https:\/\/avalencia.com\/wp-content\/uploads\/2018\/06\/05-GL2-Banos-Almirante_132400783780314404-1-705x529.webp 705w\" sizes=\"(max-width: 900px) 100vw, 900px\" \/><\/a><\/figure>\n\n\n\n<figure class=\"wp-block-image size-full\"><a href=\"https:\/\/avalencia.com\/wp-content\/uploads\/2018\/06\/04-GL2-Banos-Almirante_132400845489294526-1.webp\"><img decoding=\"async\" width=\"900\" height=\"675\" data-id=\"17012\" src=\"https:\/\/avalencia.com\/wp-content\/uploads\/2018\/06\/04-GL2-Banos-Almirante_132400845489294526-1.webp\" alt=\"\" class=\"wp-image-17012\" srcset=\"https:\/\/avalencia.com\/wp-content\/uploads\/2018\/06\/04-GL2-Banos-Almirante_132400845489294526-1.webp 900w, https:\/\/avalencia.com\/wp-content\/uploads\/2018\/06\/04-GL2-Banos-Almirante_132400845489294526-1-300x225.webp 300w, https:\/\/avalencia.com\/wp-content\/uploads\/2018\/06\/04-GL2-Banos-Almirante_132400845489294526-1-768x576.webp 768w, https:\/\/avalencia.com\/wp-content\/uploads\/2018\/06\/04-GL2-Banos-Almirante_132400845489294526-1-705x529.webp 705w\" sizes=\"(max-width: 900px) 100vw, 900px\" \/><\/a><\/figure>\n\n\n\n<figure class=\"wp-block-image size-full\"><a href=\"https:\/\/avalencia.com\/wp-content\/uploads\/2018\/06\/03-GL2-Banos-Almirante_132400837739763473-1.webp\"><img decoding=\"async\" width=\"900\" height=\"675\" data-id=\"17007\" src=\"https:\/\/avalencia.com\/wp-content\/uploads\/2018\/06\/03-GL2-Banos-Almirante_132400837739763473-1.webp\" alt=\"\" class=\"wp-image-17007\" srcset=\"https:\/\/avalencia.com\/wp-content\/uploads\/2018\/06\/03-GL2-Banos-Almirante_132400837739763473-1.webp 900w, https:\/\/avalencia.com\/wp-content\/uploads\/2018\/06\/03-GL2-Banos-Almirante_132400837739763473-1-300x225.webp 300w, https:\/\/avalencia.com\/wp-content\/uploads\/2018\/06\/03-GL2-Banos-Almirante_132400837739763473-1-768x576.webp 768w, https:\/\/avalencia.com\/wp-content\/uploads\/2018\/06\/03-GL2-Banos-Almirante_132400837739763473-1-705x529.webp 705w\" sizes=\"(max-width: 900px) 100vw, 900px\" \/><\/a><\/figure>\n\n\n\n<figure class=\"wp-block-image size-full\"><a href=\"https:\/\/avalencia.com\/wp-content\/uploads\/2018\/06\/02-GL2-Banos-Almirante-_132400840158512889-2-1.webp\"><img decoding=\"async\" width=\"900\" height=\"675\" data-id=\"17002\" src=\"https:\/\/avalencia.com\/wp-content\/uploads\/2018\/06\/02-GL2-Banos-Almirante-_132400840158512889-2-1.webp\" alt=\"\" class=\"wp-image-17002\" srcset=\"https:\/\/avalencia.com\/wp-content\/uploads\/2018\/06\/02-GL2-Banos-Almirante-_132400840158512889-2-1.webp 900w, https:\/\/avalencia.com\/wp-content\/uploads\/2018\/06\/02-GL2-Banos-Almirante-_132400840158512889-2-1-300x225.webp 300w, https:\/\/avalencia.com\/wp-content\/uploads\/2018\/06\/02-GL2-Banos-Almirante-_132400840158512889-2-1-768x576.webp 768w, https:\/\/avalencia.com\/wp-content\/uploads\/2018\/06\/02-GL2-Banos-Almirante-_132400840158512889-2-1-705x529.webp 705w\" sizes=\"(max-width: 900px) 100vw, 900px\" \/><\/a><\/figure>\n<\/figure>\n\n\n\n<p>La Valencia musulmane &#8211;   visites guid\u00e9es &#8211;<\/p>\n\n\n\n<h4 class=\"wp-block-heading\">Pour tout renseignement compl\u00e9mentaire et pour r\u00e9server:<\/h4>\n\n\n\n<div style=\"height:29px\" aria-hidden=\"true\" class=\"wp-block-spacer\"><\/div>\n\n\n\n<div class=\"wp-block-buttons is-layout-flex wp-block-buttons-is-layout-flex\">\n<div class=\"wp-block-button\"><a class=\"wp-block-button__link\" href=\"https:\/\/avalencia.com\/fr\/guide-officiel-de-valence\/\" target=\"_blank\" rel=\"noreferrer noopener\">Veuillez me contacter<\/a><\/div>\n<\/div>\n\n\n\n<p><\/p>\n","protected":false},"excerpt":{"rendered":"<p>Les Bains de l&#8217;Amiral de Valencia Les bains de l&#8217;Amiral de Valencia est un b\u00e2timent mud\u00e9jar situ\u00e9 \u00e0 c\u00f4t\u00e9 du Palacio de los Almirantes de Arag\u00f3n, dans le centre historique de Valencia. Ils ont \u00e9t\u00e9 construits entre 1313 et 1320 par Pere de Vila-rasa, chevalier et juriste sous le r\u00e8gne de Jaime II. Bien qu&#8217;ils [&hellip;]<\/p>\n","protected":false},"author":3,"featured_media":16960,"comment_status":"closed","ping_status":"open","sticky":true,"template":"","format":"standard","meta":{"footnotes":""},"categories":[70,110],"tags":[],"class_list":["post-6755","post","type-post","status-publish","format-standard","has-post-thumbnail","hentry","category-turismo-valencia-fr","category-visites-guidees-a-valencia"],"yoast_head":"<!-- This site is optimized with the Yoast SEO plugin v26.8 - https:\/\/yoast.com\/product\/yoast-seo-wordpress\/ -->\n<title>Les Bains de L&#039;Amiral de Valencia - AVALENCIA<\/title>\n<meta name=\"description\" content=\"Bien qu&#039;ils aient \u00e9t\u00e9 construits \u00e0 l&#039;\u00e9poque chr\u00e9tienne, ils ressemblent aux bains de vapeur ou aux hammams typiques de l&#039;architecture islamique. Visitez-le avec un guide local!\" \/>\n<meta name=\"robots\" content=\"index, follow, max-snippet:-1, max-image-preview:large, max-video-preview:-1\" \/>\n<link rel=\"canonical\" href=\"https:\/\/avalencia.com\/fr\/les-bains-de-lamiral-de-valencia\/\" \/>\n<meta property=\"og:locale\" content=\"fr_FR\" \/>\n<meta property=\"og:type\" content=\"article\" \/>\n<meta property=\"og:title\" content=\"Les Bains de L&#039;Amiral de Valencia - AVALENCIA\" \/>\n<meta property=\"og:description\" content=\"Bien qu&#039;ils aient \u00e9t\u00e9 construits \u00e0 l&#039;\u00e9poque chr\u00e9tienne, ils ressemblent aux bains de vapeur ou aux hammams typiques de l&#039;architecture islamique. Visitez-le avec un guide local!\" \/>\n<meta property=\"og:url\" content=\"https:\/\/avalencia.com\/fr\/les-bains-de-lamiral-de-valencia\/\" \/>\n<meta property=\"og:site_name\" content=\"AVALENCIA\" \/>\n<meta property=\"article:publisher\" content=\"https:\/\/www.facebook.com\/angela.marisoler\" \/>\n<meta property=\"article:author\" content=\"www.facebook.com\/angela.marisoler\" \/>\n<meta property=\"article:published_time\" content=\"2020-05-05T13:25:22+00:00\" \/>\n<meta property=\"article:modified_time\" content=\"2022-08-07T18:54:00+00:00\" \/>\n<meta property=\"og:image\" content=\"https:\/\/avalencia.com\/wp-content\/uploads\/2018\/06\/destacada-y-esta-repetida-01-GL2-Banos-Almirante-400831700122223-copia-1.webp\" \/>\n\t<meta property=\"og:image:width\" content=\"1024\" \/>\n\t<meta property=\"og:image:height\" content=\"586\" \/>\n\t<meta property=\"og:image:type\" content=\"image\/webp\" \/>\n<meta name=\"author\" content=\"Angela Mar\u00ed\" \/>\n<meta name=\"twitter:card\" content=\"summary_large_image\" \/>\n<meta name=\"twitter:creator\" content=\"@https:\/\/twitter.com\/GuiaAvalencia\" \/>\n<meta name=\"twitter:site\" content=\"@angelamari400\" \/>\n<meta name=\"twitter:label1\" content=\"Written by\" \/>\n\t<meta name=\"twitter:data1\" content=\"Angela Mar\u00ed\" \/>\n\t<meta name=\"twitter:label2\" content=\"Est. reading time\" \/>\n\t<meta name=\"twitter:data2\" content=\"4 minutes\" \/>\n<script type=\"application\/ld+json\" class=\"yoast-schema-graph\">{\"@context\":\"https:\/\/schema.org\",\"@graph\":[{\"@type\":\"Article\",\"@id\":\"https:\/\/avalencia.com\/fr\/les-bains-de-lamiral-de-valencia\/#article\",\"isPartOf\":{\"@id\":\"https:\/\/avalencia.com\/fr\/les-bains-de-lamiral-de-valencia\/\"},\"author\":{\"name\":\"Angela Mar\u00ed\",\"@id\":\"https:\/\/avalencia.com\/fr\/#\/schema\/person\/74ce956856cc62eb244be68602e9f6b8\"},\"headline\":\"Les Bains de L&#8217;Amiral de Valencia\",\"datePublished\":\"2020-05-05T13:25:22+00:00\",\"dateModified\":\"2022-08-07T18:54:00+00:00\",\"mainEntityOfPage\":{\"@id\":\"https:\/\/avalencia.com\/fr\/les-bains-de-lamiral-de-valencia\/\"},\"wordCount\":382,\"publisher\":{\"@id\":\"https:\/\/avalencia.com\/fr\/#organization\"},\"image\":{\"@id\":\"https:\/\/avalencia.com\/fr\/les-bains-de-lamiral-de-valencia\/#primaryimage\"},\"thumbnailUrl\":\"https:\/\/avalencia.com\/wp-content\/uploads\/2018\/06\/destacada-y-esta-repetida-01-GL2-Banos-Almirante-400831700122223-copia-1.webp\",\"articleSection\":[\"Turismo Valencia,\",\"Visites guid\u00e9es \u00e0 Valencia\"],\"inLanguage\":\"fr-FR\"},{\"@type\":\"WebPage\",\"@id\":\"https:\/\/avalencia.com\/fr\/les-bains-de-lamiral-de-valencia\/\",\"url\":\"https:\/\/avalencia.com\/fr\/les-bains-de-lamiral-de-valencia\/\",\"name\":\"Les Bains de L'Amiral de Valencia - AVALENCIA\",\"isPartOf\":{\"@id\":\"https:\/\/avalencia.com\/fr\/#website\"},\"primaryImageOfPage\":{\"@id\":\"https:\/\/avalencia.com\/fr\/les-bains-de-lamiral-de-valencia\/#primaryimage\"},\"image\":{\"@id\":\"https:\/\/avalencia.com\/fr\/les-bains-de-lamiral-de-valencia\/#primaryimage\"},\"thumbnailUrl\":\"https:\/\/avalencia.com\/wp-content\/uploads\/2018\/06\/destacada-y-esta-repetida-01-GL2-Banos-Almirante-400831700122223-copia-1.webp\",\"datePublished\":\"2020-05-05T13:25:22+00:00\",\"dateModified\":\"2022-08-07T18:54:00+00:00\",\"description\":\"Bien qu'ils aient \u00e9t\u00e9 construits \u00e0 l'\u00e9poque chr\u00e9tienne, ils ressemblent aux bains de vapeur ou aux hammams typiques de l'architecture islamique. Visitez-le avec un guide local!\",\"breadcrumb\":{\"@id\":\"https:\/\/avalencia.com\/fr\/les-bains-de-lamiral-de-valencia\/#breadcrumb\"},\"inLanguage\":\"fr-FR\",\"potentialAction\":[{\"@type\":\"ReadAction\",\"target\":[\"https:\/\/avalencia.com\/fr\/les-bains-de-lamiral-de-valencia\/\"]}]},{\"@type\":\"ImageObject\",\"inLanguage\":\"fr-FR\",\"@id\":\"https:\/\/avalencia.com\/fr\/les-bains-de-lamiral-de-valencia\/#primaryimage\",\"url\":\"https:\/\/avalencia.com\/wp-content\/uploads\/2018\/06\/destacada-y-esta-repetida-01-GL2-Banos-Almirante-400831700122223-copia-1.webp\",\"contentUrl\":\"https:\/\/avalencia.com\/wp-content\/uploads\/2018\/06\/destacada-y-esta-repetida-01-GL2-Banos-Almirante-400831700122223-copia-1.webp\",\"width\":1024,\"height\":586,\"caption\":\"Les Bains de l'Almiral Valencia\"},{\"@type\":\"BreadcrumbList\",\"@id\":\"https:\/\/avalencia.com\/fr\/les-bains-de-lamiral-de-valencia\/#breadcrumb\",\"itemListElement\":[{\"@type\":\"ListItem\",\"position\":1,\"name\":\"Portada\",\"item\":\"https:\/\/avalencia.com\/fr\/\"},{\"@type\":\"ListItem\",\"position\":2,\"name\":\"Les Bains de L&#8217;Amiral de Valencia\"}]},{\"@type\":\"WebSite\",\"@id\":\"https:\/\/avalencia.com\/fr\/#website\",\"url\":\"https:\/\/avalencia.com\/fr\/\",\"name\":\"AVALENCIA\",\"description\":\"Visitas culturales por Valencia y alrededores\",\"publisher\":{\"@id\":\"https:\/\/avalencia.com\/fr\/#organization\"},\"potentialAction\":[{\"@type\":\"SearchAction\",\"target\":{\"@type\":\"EntryPoint\",\"urlTemplate\":\"https:\/\/avalencia.com\/fr\/?s={search_term_string}\"},\"query-input\":{\"@type\":\"PropertyValueSpecification\",\"valueRequired\":true,\"valueName\":\"search_term_string\"}}],\"inLanguage\":\"fr-FR\"},{\"@type\":\"Organization\",\"@id\":\"https:\/\/avalencia.com\/fr\/#organization\",\"name\":\"Gu\u00eda Valencia\",\"url\":\"https:\/\/avalencia.com\/fr\/\",\"logo\":{\"@type\":\"ImageObject\",\"inLanguage\":\"fr-FR\",\"@id\":\"https:\/\/avalencia.com\/fr\/#\/schema\/logo\/image\/\",\"url\":\"\",\"contentUrl\":\"\",\"caption\":\"Gu\u00eda Valencia\"},\"image\":{\"@id\":\"https:\/\/avalencia.com\/fr\/#\/schema\/logo\/image\/\"},\"sameAs\":[\"https:\/\/www.facebook.com\/angela.marisoler\",\"https:\/\/x.com\/angelamari400\",\"https:\/\/www.instagram.com\/angelamarisoler\/\",\"https:\/\/www.linkedin.com\/feed\/?trk=guest_homepage-basic_sign-in-submit\",\"https:\/\/www.youtube.com\/channel\/UC4bWyTV2CWI65Qf0r1pjuXg?view_as=subscriber\"]},{\"@type\":\"Person\",\"@id\":\"https:\/\/avalencia.com\/fr\/#\/schema\/person\/74ce956856cc62eb244be68602e9f6b8\",\"name\":\"Angela Mar\u00ed\",\"image\":{\"@type\":\"ImageObject\",\"inLanguage\":\"fr-FR\",\"@id\":\"https:\/\/avalencia.com\/fr\/#\/schema\/person\/image\/\",\"url\":\"https:\/\/secure.gravatar.com\/avatar\/ed61a19cd30dccfdfbd01b90817c0aba?s=96&d=mm&r=g\",\"contentUrl\":\"https:\/\/secure.gravatar.com\/avatar\/ed61a19cd30dccfdfbd01b90817c0aba?s=96&d=mm&r=g\",\"caption\":\"Angela Mar\u00ed\"},\"sameAs\":[\"http:\/\/www.avalencia.com\",\"www.facebook.com\/angela.marisoler\",\"www.instagram.com\/angelamarisoler\/?hl=es\",\"www.linkedin.com\/in\/angela-mari-soler-899a1062\",\"https:\/\/x.com\/https:\/\/twitter.com\/GuiaAvalencia\",\"https:\/\/www.youtube.com\/channel\/UC4bWyTV2CWI65Qf0r1pjuXg?view_as=subscriber\"],\"url\":\"https:\/\/avalencia.com\/fr\/author\/angelaadm\/\"}]}<\/script>\n<!-- \/ Yoast SEO plugin. -->","yoast_head_json":{"title":"Les Bains de L'Amiral de Valencia - AVALENCIA","description":"Bien qu'ils aient \u00e9t\u00e9 construits \u00e0 l'\u00e9poque chr\u00e9tienne, ils ressemblent aux bains de vapeur ou aux hammams typiques de l'architecture islamique. Visitez-le avec un guide local!","robots":{"index":"index","follow":"follow","max-snippet":"max-snippet:-1","max-image-preview":"max-image-preview:large","max-video-preview":"max-video-preview:-1"},"canonical":"https:\/\/avalencia.com\/fr\/les-bains-de-lamiral-de-valencia\/","og_locale":"fr_FR","og_type":"article","og_title":"Les Bains de L'Amiral de Valencia - AVALENCIA","og_description":"Bien qu'ils aient \u00e9t\u00e9 construits \u00e0 l'\u00e9poque chr\u00e9tienne, ils ressemblent aux bains de vapeur ou aux hammams typiques de l'architecture islamique. Visitez-le avec un guide local!","og_url":"https:\/\/avalencia.com\/fr\/les-bains-de-lamiral-de-valencia\/","og_site_name":"AVALENCIA","article_publisher":"https:\/\/www.facebook.com\/angela.marisoler","article_author":"www.facebook.com\/angela.marisoler","article_published_time":"2020-05-05T13:25:22+00:00","article_modified_time":"2022-08-07T18:54:00+00:00","og_image":[{"width":1024,"height":586,"url":"https:\/\/avalencia.com\/wp-content\/uploads\/2018\/06\/destacada-y-esta-repetida-01-GL2-Banos-Almirante-400831700122223-copia-1.webp","type":"image\/webp"}],"author":"Angela Mar\u00ed","twitter_card":"summary_large_image","twitter_creator":"@https:\/\/twitter.com\/GuiaAvalencia","twitter_site":"@angelamari400","twitter_misc":{"Written by":"Angela Mar\u00ed","Est. reading time":"4 minutes"},"schema":{"@context":"https:\/\/schema.org","@graph":[{"@type":"Article","@id":"https:\/\/avalencia.com\/fr\/les-bains-de-lamiral-de-valencia\/#article","isPartOf":{"@id":"https:\/\/avalencia.com\/fr\/les-bains-de-lamiral-de-valencia\/"},"author":{"name":"Angela Mar\u00ed","@id":"https:\/\/avalencia.com\/fr\/#\/schema\/person\/74ce956856cc62eb244be68602e9f6b8"},"headline":"Les Bains de L&#8217;Amiral de Valencia","datePublished":"2020-05-05T13:25:22+00:00","dateModified":"2022-08-07T18:54:00+00:00","mainEntityOfPage":{"@id":"https:\/\/avalencia.com\/fr\/les-bains-de-lamiral-de-valencia\/"},"wordCount":382,"publisher":{"@id":"https:\/\/avalencia.com\/fr\/#organization"},"image":{"@id":"https:\/\/avalencia.com\/fr\/les-bains-de-lamiral-de-valencia\/#primaryimage"},"thumbnailUrl":"https:\/\/avalencia.com\/wp-content\/uploads\/2018\/06\/destacada-y-esta-repetida-01-GL2-Banos-Almirante-400831700122223-copia-1.webp","articleSection":["Turismo Valencia,","Visites guid\u00e9es \u00e0 Valencia"],"inLanguage":"fr-FR"},{"@type":"WebPage","@id":"https:\/\/avalencia.com\/fr\/les-bains-de-lamiral-de-valencia\/","url":"https:\/\/avalencia.com\/fr\/les-bains-de-lamiral-de-valencia\/","name":"Les Bains de L'Amiral de Valencia - AVALENCIA","isPartOf":{"@id":"https:\/\/avalencia.com\/fr\/#website"},"primaryImageOfPage":{"@id":"https:\/\/avalencia.com\/fr\/les-bains-de-lamiral-de-valencia\/#primaryimage"},"image":{"@id":"https:\/\/avalencia.com\/fr\/les-bains-de-lamiral-de-valencia\/#primaryimage"},"thumbnailUrl":"https:\/\/avalencia.com\/wp-content\/uploads\/2018\/06\/destacada-y-esta-repetida-01-GL2-Banos-Almirante-400831700122223-copia-1.webp","datePublished":"2020-05-05T13:25:22+00:00","dateModified":"2022-08-07T18:54:00+00:00","description":"Bien qu'ils aient \u00e9t\u00e9 construits \u00e0 l'\u00e9poque chr\u00e9tienne, ils ressemblent aux bains de vapeur ou aux hammams typiques de l'architecture islamique. Visitez-le avec un guide local!","breadcrumb":{"@id":"https:\/\/avalencia.com\/fr\/les-bains-de-lamiral-de-valencia\/#breadcrumb"},"inLanguage":"fr-FR","potentialAction":[{"@type":"ReadAction","target":["https:\/\/avalencia.com\/fr\/les-bains-de-lamiral-de-valencia\/"]}]},{"@type":"ImageObject","inLanguage":"fr-FR","@id":"https:\/\/avalencia.com\/fr\/les-bains-de-lamiral-de-valencia\/#primaryimage","url":"https:\/\/avalencia.com\/wp-content\/uploads\/2018\/06\/destacada-y-esta-repetida-01-GL2-Banos-Almirante-400831700122223-copia-1.webp","contentUrl":"https:\/\/avalencia.com\/wp-content\/uploads\/2018\/06\/destacada-y-esta-repetida-01-GL2-Banos-Almirante-400831700122223-copia-1.webp","width":1024,"height":586,"caption":"Les Bains de l'Almiral Valencia"},{"@type":"BreadcrumbList","@id":"https:\/\/avalencia.com\/fr\/les-bains-de-lamiral-de-valencia\/#breadcrumb","itemListElement":[{"@type":"ListItem","position":1,"name":"Portada","item":"https:\/\/avalencia.com\/fr\/"},{"@type":"ListItem","position":2,"name":"Les Bains de L&#8217;Amiral de Valencia"}]},{"@type":"WebSite","@id":"https:\/\/avalencia.com\/fr\/#website","url":"https:\/\/avalencia.com\/fr\/","name":"AVALENCIA","description":"Visitas culturales por Valencia y alrededores","publisher":{"@id":"https:\/\/avalencia.com\/fr\/#organization"},"potentialAction":[{"@type":"SearchAction","target":{"@type":"EntryPoint","urlTemplate":"https:\/\/avalencia.com\/fr\/?s={search_term_string}"},"query-input":{"@type":"PropertyValueSpecification","valueRequired":true,"valueName":"search_term_string"}}],"inLanguage":"fr-FR"},{"@type":"Organization","@id":"https:\/\/avalencia.com\/fr\/#organization","name":"Gu\u00eda Valencia","url":"https:\/\/avalencia.com\/fr\/","logo":{"@type":"ImageObject","inLanguage":"fr-FR","@id":"https:\/\/avalencia.com\/fr\/#\/schema\/logo\/image\/","url":"","contentUrl":"","caption":"Gu\u00eda Valencia"},"image":{"@id":"https:\/\/avalencia.com\/fr\/#\/schema\/logo\/image\/"},"sameAs":["https:\/\/www.facebook.com\/angela.marisoler","https:\/\/x.com\/angelamari400","https:\/\/www.instagram.com\/angelamarisoler\/","https:\/\/www.linkedin.com\/feed\/?trk=guest_homepage-basic_sign-in-submit","https:\/\/www.youtube.com\/channel\/UC4bWyTV2CWI65Qf0r1pjuXg?view_as=subscriber"]},{"@type":"Person","@id":"https:\/\/avalencia.com\/fr\/#\/schema\/person\/74ce956856cc62eb244be68602e9f6b8","name":"Angela Mar\u00ed","image":{"@type":"ImageObject","inLanguage":"fr-FR","@id":"https:\/\/avalencia.com\/fr\/#\/schema\/person\/image\/","url":"https:\/\/secure.gravatar.com\/avatar\/ed61a19cd30dccfdfbd01b90817c0aba?s=96&d=mm&r=g","contentUrl":"https:\/\/secure.gravatar.com\/avatar\/ed61a19cd30dccfdfbd01b90817c0aba?s=96&d=mm&r=g","caption":"Angela Mar\u00ed"},"sameAs":["http:\/\/www.avalencia.com","www.facebook.com\/angela.marisoler","www.instagram.com\/angelamarisoler\/?hl=es","www.linkedin.com\/in\/angela-mari-soler-899a1062","https:\/\/x.com\/https:\/\/twitter.com\/GuiaAvalencia","https:\/\/www.youtube.com\/channel\/UC4bWyTV2CWI65Qf0r1pjuXg?view_as=subscriber"],"url":"https:\/\/avalencia.com\/fr\/author\/angelaadm\/"}]}},"featured_image_src":"https:\/\/avalencia.com\/wp-content\/uploads\/2018\/06\/destacada-y-esta-repetida-01-GL2-Banos-Almirante-400831700122223-copia-1-600x400.webp","featured_image_src_square":"https:\/\/avalencia.com\/wp-content\/uploads\/2018\/06\/destacada-y-esta-repetida-01-GL2-Banos-Almirante-400831700122223-copia-1-600x586.webp","author_info":{"display_name":"Angela Mar\u00ed","author_link":"https:\/\/avalencia.com\/fr\/author\/angelaadm\/"},"_links":{"self":[{"href":"https:\/\/avalencia.com\/fr\/wp-json\/wp\/v2\/posts\/6755","targetHints":{"allow":["GET"]}}],"collection":[{"href":"https:\/\/avalencia.com\/fr\/wp-json\/wp\/v2\/posts"}],"about":[{"href":"https:\/\/avalencia.com\/fr\/wp-json\/wp\/v2\/types\/post"}],"author":[{"embeddable":true,"href":"https:\/\/avalencia.com\/fr\/wp-json\/wp\/v2\/users\/3"}],"replies":[{"embeddable":true,"href":"https:\/\/avalencia.com\/fr\/wp-json\/wp\/v2\/comments?post=6755"}],"version-history":[{"count":0,"href":"https:\/\/avalencia.com\/fr\/wp-json\/wp\/v2\/posts\/6755\/revisions"}],"wp:featuredmedia":[{"embeddable":true,"href":"https:\/\/avalencia.com\/fr\/wp-json\/wp\/v2\/media\/16960"}],"wp:attachment":[{"href":"https:\/\/avalencia.com\/fr\/wp-json\/wp\/v2\/media?parent=6755"}],"wp:term":[{"taxonomy":"category","embeddable":true,"href":"https:\/\/avalencia.com\/fr\/wp-json\/wp\/v2\/categories?post=6755"},{"taxonomy":"post_tag","embeddable":true,"href":"https:\/\/avalencia.com\/fr\/wp-json\/wp\/v2\/tags?post=6755"}],"curies":[{"name":"wp","href":"https:\/\/api.w.org\/{rel}","templated":true}]}}