{"id":6784,"date":"2020-05-05T14:45:46","date_gmt":"2020-05-05T14:45:46","guid":{"rendered":"https:\/\/avalencia.com\/?p=6784"},"modified":"2022-08-18T18:54:30","modified_gmt":"2022-08-18T18:54:30","slug":"leglise-de-saint-nicolas-de-valencia","status":"publish","type":"post","link":"https:\/\/avalencia.com\/fr\/leglise-de-saint-nicolas-de-valencia\/","title":{"rendered":"L&#8217;\u00c9glise de Saint Nicolas de Valencia"},"content":{"rendered":"\n<h4 class=\"wp-block-heading\">Les fresques de l&#8217;\u00c9glise de Saint Nicolas de Bari et San Pedro M\u00e1rtir \u00e0 Valence brillent de mille feux \u00e0 nouveau.<\/h4>\n\n\n\n<p>La restauration de l&#8217;\u00c9glise de Saint Nicolas de Valencia a eu lieux en coordination avec l&#8217;\u00c9cole polytechnique gr\u00e2ce au financement de <strong><a href=\"https:\/\/www.fundacionhortensiaherrero.org\/quienes-somos\/\" target=\"_blank\" rel=\"noopener noreferrer\">la Fondation Hortensia Herrero<\/a>,<\/strong>  qui ont r\u00e9cup\u00e8re les peintures originales de Dion\u00eds Vidal.<\/p>\n\n\n\n<figure class=\"wp-block-gallery has-nested-images columns-default is-cropped wp-block-gallery-1 is-layout-flex wp-block-gallery-is-layout-flex\">\n<figure class=\"wp-block-image size-large\"><a href=\"https:\/\/avalencia.com\/wp-content\/uploads\/2018\/05\/Iglesia-de-San-Nicolas-8.webp\"><img decoding=\"async\" width=\"637\" height=\"950\" data-id=\"17976\" src=\"https:\/\/avalencia.com\/wp-content\/uploads\/2018\/05\/Iglesia-de-San-Nicolas-8.webp\" alt=\"\" class=\"wp-image-17976\" srcset=\"https:\/\/avalencia.com\/wp-content\/uploads\/2018\/05\/Iglesia-de-San-Nicolas-8.webp 637w, https:\/\/avalencia.com\/wp-content\/uploads\/2018\/05\/Iglesia-de-San-Nicolas-8-201x300.webp 201w, https:\/\/avalencia.com\/wp-content\/uploads\/2018\/05\/Iglesia-de-San-Nicolas-8-527x786.webp 527w, https:\/\/avalencia.com\/wp-content\/uploads\/2018\/05\/Iglesia-de-San-Nicolas-8-473x705.webp 473w\" sizes=\"(max-width: 637px) 100vw, 637px\" \/><\/a><\/figure>\n\n\n\n<figure class=\"wp-block-image size-large\"><a href=\"https:\/\/avalencia.com\/wp-content\/uploads\/2018\/05\/Iglesia-de-San-Nicolas-1.webp\"><img decoding=\"async\" width=\"950\" height=\"638\" data-id=\"17941\" src=\"https:\/\/avalencia.com\/wp-content\/uploads\/2018\/05\/Iglesia-de-San-Nicolas-1.webp\" alt=\"\" class=\"wp-image-17941\" srcset=\"https:\/\/avalencia.com\/wp-content\/uploads\/2018\/05\/Iglesia-de-San-Nicolas-1.webp 950w, https:\/\/avalencia.com\/wp-content\/uploads\/2018\/05\/Iglesia-de-San-Nicolas-1-300x201.webp 300w, https:\/\/avalencia.com\/wp-content\/uploads\/2018\/05\/Iglesia-de-San-Nicolas-1-768x516.webp 768w, https:\/\/avalencia.com\/wp-content\/uploads\/2018\/05\/Iglesia-de-San-Nicolas-1-705x473.webp 705w\" sizes=\"(max-width: 950px) 100vw, 950px\" \/><\/a><\/figure>\n\n\n\n<figure class=\"wp-block-image size-large\"><a href=\"https:\/\/avalencia.com\/wp-content\/uploads\/2018\/05\/Iglesia-de-San-Nicolas-2.webp\"><img decoding=\"async\" width=\"950\" height=\"638\" data-id=\"17946\" src=\"https:\/\/avalencia.com\/wp-content\/uploads\/2018\/05\/Iglesia-de-San-Nicolas-2.webp\" alt=\"\" class=\"wp-image-17946\" srcset=\"https:\/\/avalencia.com\/wp-content\/uploads\/2018\/05\/Iglesia-de-San-Nicolas-2.webp 950w, https:\/\/avalencia.com\/wp-content\/uploads\/2018\/05\/Iglesia-de-San-Nicolas-2-300x201.webp 300w, https:\/\/avalencia.com\/wp-content\/uploads\/2018\/05\/Iglesia-de-San-Nicolas-2-768x516.webp 768w, https:\/\/avalencia.com\/wp-content\/uploads\/2018\/05\/Iglesia-de-San-Nicolas-2-705x473.webp 705w\" sizes=\"(max-width: 950px) 100vw, 950px\" \/><\/a><\/figure>\n\n\n\n<figure class=\"wp-block-image size-large\"><a href=\"https:\/\/avalencia.com\/wp-content\/uploads\/2018\/05\/Iglesia-de-San-Nicolas-3.webp\"><img decoding=\"async\" width=\"950\" height=\"638\" data-id=\"17951\" src=\"https:\/\/avalencia.com\/wp-content\/uploads\/2018\/05\/Iglesia-de-San-Nicolas-3.webp\" alt=\"\" class=\"wp-image-17951\" srcset=\"https:\/\/avalencia.com\/wp-content\/uploads\/2018\/05\/Iglesia-de-San-Nicolas-3.webp 950w, https:\/\/avalencia.com\/wp-content\/uploads\/2018\/05\/Iglesia-de-San-Nicolas-3-300x201.webp 300w, https:\/\/avalencia.com\/wp-content\/uploads\/2018\/05\/Iglesia-de-San-Nicolas-3-768x516.webp 768w, https:\/\/avalencia.com\/wp-content\/uploads\/2018\/05\/Iglesia-de-San-Nicolas-3-705x473.webp 705w\" sizes=\"(max-width: 950px) 100vw, 950px\" \/><\/a><\/figure>\n\n\n\n<figure class=\"wp-block-image size-large\"><a href=\"https:\/\/avalencia.com\/wp-content\/uploads\/2018\/05\/Iglesia-de-San-Nicolas-4.webp\"><img decoding=\"async\" width=\"950\" height=\"638\" data-id=\"17956\" src=\"https:\/\/avalencia.com\/wp-content\/uploads\/2018\/05\/Iglesia-de-San-Nicolas-4.webp\" alt=\"\" class=\"wp-image-17956\" srcset=\"https:\/\/avalencia.com\/wp-content\/uploads\/2018\/05\/Iglesia-de-San-Nicolas-4.webp 950w, https:\/\/avalencia.com\/wp-content\/uploads\/2018\/05\/Iglesia-de-San-Nicolas-4-300x201.webp 300w, https:\/\/avalencia.com\/wp-content\/uploads\/2018\/05\/Iglesia-de-San-Nicolas-4-768x516.webp 768w, https:\/\/avalencia.com\/wp-content\/uploads\/2018\/05\/Iglesia-de-San-Nicolas-4-705x473.webp 705w\" sizes=\"(max-width: 950px) 100vw, 950px\" \/><\/a><\/figure>\n\n\n\n<figure class=\"wp-block-image size-large\"><a href=\"https:\/\/avalencia.com\/wp-content\/uploads\/2018\/05\/Iglesia-de-San-Nicolas-5.webp\"><img decoding=\"async\" width=\"950\" height=\"638\" data-id=\"17961\" src=\"https:\/\/avalencia.com\/wp-content\/uploads\/2018\/05\/Iglesia-de-San-Nicolas-5.webp\" alt=\"\" class=\"wp-image-17961\" srcset=\"https:\/\/avalencia.com\/wp-content\/uploads\/2018\/05\/Iglesia-de-San-Nicolas-5.webp 950w, https:\/\/avalencia.com\/wp-content\/uploads\/2018\/05\/Iglesia-de-San-Nicolas-5-300x201.webp 300w, https:\/\/avalencia.com\/wp-content\/uploads\/2018\/05\/Iglesia-de-San-Nicolas-5-768x516.webp 768w, https:\/\/avalencia.com\/wp-content\/uploads\/2018\/05\/Iglesia-de-San-Nicolas-5-705x473.webp 705w\" sizes=\"(max-width: 950px) 100vw, 950px\" \/><\/a><\/figure>\n\n\n\n<figure class=\"wp-block-image size-large\"><a href=\"https:\/\/avalencia.com\/wp-content\/uploads\/2018\/05\/Iglesia-de-San-Nicolas-6.webp\"><img decoding=\"async\" width=\"950\" height=\"638\" data-id=\"17966\" src=\"https:\/\/avalencia.com\/wp-content\/uploads\/2018\/05\/Iglesia-de-San-Nicolas-6.webp\" alt=\"\" class=\"wp-image-17966\" srcset=\"https:\/\/avalencia.com\/wp-content\/uploads\/2018\/05\/Iglesia-de-San-Nicolas-6.webp 950w, https:\/\/avalencia.com\/wp-content\/uploads\/2018\/05\/Iglesia-de-San-Nicolas-6-300x201.webp 300w, https:\/\/avalencia.com\/wp-content\/uploads\/2018\/05\/Iglesia-de-San-Nicolas-6-768x516.webp 768w, https:\/\/avalencia.com\/wp-content\/uploads\/2018\/05\/Iglesia-de-San-Nicolas-6-705x473.webp 705w\" sizes=\"(max-width: 950px) 100vw, 950px\" \/><\/a><\/figure>\n\n\n\n<figure class=\"wp-block-image size-large\"><a href=\"https:\/\/avalencia.com\/wp-content\/uploads\/2018\/05\/Iglesia-de-San-Nicolas-9.webp\"><img decoding=\"async\" width=\"950\" height=\"637\" data-id=\"17981\" src=\"https:\/\/avalencia.com\/wp-content\/uploads\/2018\/05\/Iglesia-de-San-Nicolas-9.webp\" alt=\"\" class=\"wp-image-17981\" srcset=\"https:\/\/avalencia.com\/wp-content\/uploads\/2018\/05\/Iglesia-de-San-Nicolas-9.webp 950w, https:\/\/avalencia.com\/wp-content\/uploads\/2018\/05\/Iglesia-de-San-Nicolas-9-300x201.webp 300w, https:\/\/avalencia.com\/wp-content\/uploads\/2018\/05\/Iglesia-de-San-Nicolas-9-768x515.webp 768w, https:\/\/avalencia.com\/wp-content\/uploads\/2018\/05\/Iglesia-de-San-Nicolas-9-705x473.webp 705w\" sizes=\"(max-width: 950px) 100vw, 950px\" \/><\/a><\/figure>\n\n\n\n<figure class=\"wp-block-image size-large\"><a href=\"https:\/\/avalencia.com\/wp-content\/uploads\/2018\/05\/Iglesia-de-San-Nicolas-10.webp\"><img decoding=\"async\" width=\"950\" height=\"703\" data-id=\"17986\" src=\"https:\/\/avalencia.com\/wp-content\/uploads\/2018\/05\/Iglesia-de-San-Nicolas-10.webp\" alt=\"\" class=\"wp-image-17986\" srcset=\"https:\/\/avalencia.com\/wp-content\/uploads\/2018\/05\/Iglesia-de-San-Nicolas-10.webp 950w, https:\/\/avalencia.com\/wp-content\/uploads\/2018\/05\/Iglesia-de-San-Nicolas-10-300x222.webp 300w, https:\/\/avalencia.com\/wp-content\/uploads\/2018\/05\/Iglesia-de-San-Nicolas-10-768x568.webp 768w, https:\/\/avalencia.com\/wp-content\/uploads\/2018\/05\/Iglesia-de-San-Nicolas-10-705x522.webp 705w\" sizes=\"(max-width: 950px) 100vw, 950px\" \/><\/a><\/figure>\n\n\n\n<figure class=\"wp-block-image size-large\"><a href=\"https:\/\/avalencia.com\/wp-content\/uploads\/2018\/05\/Iglesia-de-San-Nicolas-11.webp\"><img decoding=\"async\" width=\"950\" height=\"637\" data-id=\"17991\" src=\"https:\/\/avalencia.com\/wp-content\/uploads\/2018\/05\/Iglesia-de-San-Nicolas-11.webp\" alt=\"\" class=\"wp-image-17991\" srcset=\"https:\/\/avalencia.com\/wp-content\/uploads\/2018\/05\/Iglesia-de-San-Nicolas-11.webp 950w, https:\/\/avalencia.com\/wp-content\/uploads\/2018\/05\/Iglesia-de-San-Nicolas-11-300x201.webp 300w, https:\/\/avalencia.com\/wp-content\/uploads\/2018\/05\/Iglesia-de-San-Nicolas-11-768x515.webp 768w, https:\/\/avalencia.com\/wp-content\/uploads\/2018\/05\/Iglesia-de-San-Nicolas-11-705x473.webp 705w\" sizes=\"(max-width: 950px) 100vw, 950px\" \/><\/a><\/figure>\n<\/figure>\n\n\n\n<h4 class=\"wp-block-heading\">La ville de Valence a d\u00e9voil\u00e9 sa &#8220;Chapelle Sixtine&#8221; <\/h4>\n\n\n\n<p>Avec la restauration des fresques de L&#8217;\u00c9glise Saint Nicolas, pr\u00e8s de 2000 m\u00e8tres carr\u00e9s de peintures qui, apr\u00e8s trois ans de travail et l&#8217;utilisation des techniques les plus avanc\u00e9es, ont fait de ce lieu un &#8220;temple de la foi et de la cr\u00e9ativit\u00e9&#8221;. Gr\u00e2ce au r\u00e9sultat de l\u2019union de la science et de l\u2019art, on a pu r\u00e9cup\u00e9rer une \u0153uvre d\u2019art unique qui est pass\u00e9e de l\u2019obscurit\u00e9 \u00e0 la lumi\u00e8re.<\/p>\n\n\n\n<p>L&#8217;origine de Saint Nicolas remonte \u00e0 une \u00e9glise gothique construite au XIIIe si\u00e8cle et qui faisait partie des douze premi\u00e8res paroisses chr\u00e9tiennes de la ville de Valence. <\/p>\n\n\n\n<p>Le b\u00e2timent original a \u00e9t\u00e9 r\u00e9nov\u00e9 \u00e0 l&#8217;initiative du recteur de la paroisse de l&#8217;\u00e9poque, Alfonso de Borja (futur pape Calixte III) dans le style gothique entre 1419 et 1455. L&#8217;architecte P\u00e9rez Castiel, a commenc\u00e9 en 1693 la r\u00e9novation de l&#8217;\u00e9glise de Saint Nicolas en suivant les go\u00fbts esth\u00e9tiques du baroque. <\/p>\n\n\n\n<p>Aujourd&#8217;hui, l&#8217;\u00e9glise est le meilleur exemple de la coexistence d\u2019une structure gothique du XVe si\u00e8cle et d&#8217;une d\u00e9coration baroque du XVIIe si\u00e8cle.<\/p>\n\n\n\n<p>Les peintures murales ont \u00e9t\u00e9 r\u00e9alis\u00e9es par Dionis Vidal, suivant le &#8220;plan&#8221; de son ma\u00eetre Antonio Palomino, qui a \u00e9galement r\u00e9alis\u00e9 les fresques de la coupole principal de la Basilique de la Vierge des Abandonn\u00e9s. <\/p>\n\n\n\n<h4 class=\"wp-block-heading\">Cette peinture murale impressionnante se distingue non seulement par sa beaut\u00e9, mais aussi par son caract\u00e8re narratif, puisque la nef est conceptuellement divis\u00e9e en deux :<\/h4>\n\n\n\n<p>Une partie raconte la vie de Saint Nicolas et l&#8217;autre celle de Saint Pierre le Martyr, les deux saints auxquels l&#8217;\u00e9glise est d\u00e9di\u00e9e.<\/p>\n\n\n\n<hr class=\"wp-block-separator has-css-opacity\"\/>\n\n\n\n<figure><iframe src=\"https:\/\/www.youtube.com\/embed\/gDwsBZb9KIo\" width=\"500\" height=\"300\" frameborder=\"0\" allowfullscreen=\"allowfullscreen\"><\/iframe><\/figure>\n\n\n\n<hr class=\"wp-block-separator has-css-opacity\"\/>\n\n\n\n<p>Prix du billet de l\u2019\u00c9glise de San Nicolas&#8230; 3,50 \u20ac<\/p>\n\n\n\n<p>Visites guid\u00e9es: <a href=\"https:\/\/avalencia.com\/fr\/centre-historique-de-valencia\/\" target=\"_blank\" rel=\"noreferrer noopener\">Le Centre Historique<\/a> + L&#8217;\u00c9glise de Saint Nicolas de Valencia<\/p>\n\n\n\n<div class=\"wp-block-buttons is-layout-flex wp-block-buttons-is-layout-flex\">\n<div class=\"wp-block-button\"><a class=\"wp-block-button__link\" href=\"https:\/\/avalencia.com\/fr\/guide-officiel-de-valence\/\" target=\"_blank\" rel=\"noreferrer noopener\">Veuillez me contacter<\/a><\/div>\n<\/div>\n","protected":false},"excerpt":{"rendered":"<p>Les fresques de l&#8217;\u00c9glise de Saint Nicolas de Bari et San Pedro M\u00e1rtir \u00e0 Valence brillent de mille feux \u00e0 nouveau. La restauration de l&#8217;\u00c9glise de Saint Nicolas de Valencia a eu lieux en coordination avec l&#8217;\u00c9cole polytechnique gr\u00e2ce au financement de la Fondation Hortensia Herrero, qui ont r\u00e9cup\u00e8re les peintures originales de Dion\u00eds Vidal. [&hellip;]<\/p>\n","protected":false},"author":3,"featured_media":17933,"comment_status":"closed","ping_status":"open","sticky":false,"template":"","format":"standard","meta":{"footnotes":""},"categories":[110],"tags":[],"class_list":["post-6784","post","type-post","status-publish","format-standard","has-post-thumbnail","hentry","category-visites-guidees-a-valencia"],"yoast_head":"<!-- This site is optimized with the Yoast SEO plugin v26.8 - https:\/\/yoast.com\/product\/yoast-seo-wordpress\/ -->\n<title>L&#039;\u00c9glise de Saint Nicolas de Valencia - Visites guid\u00e9es - AVALENCIA<\/title>\n<meta name=\"description\" content=\"Les fresques de l&#039;\u00c9glise de Saint Nicolas de Valencia brillent de mille feux \u00e0 nouveau. Visites guid\u00e9es pour voir le centre historique e l&#039;\u00e9glise\" \/>\n<meta name=\"robots\" content=\"index, follow, max-snippet:-1, max-image-preview:large, max-video-preview:-1\" \/>\n<link rel=\"canonical\" href=\"https:\/\/avalencia.com\/fr\/leglise-de-saint-nicolas-de-valencia\/\" \/>\n<meta property=\"og:locale\" content=\"fr_FR\" \/>\n<meta property=\"og:type\" content=\"article\" \/>\n<meta property=\"og:title\" content=\"L&#039;\u00c9glise de Saint Nicolas de Valencia - Visites guid\u00e9es - AVALENCIA\" \/>\n<meta property=\"og:description\" content=\"Les fresques de l&#039;\u00c9glise de Saint Nicolas de Valencia brillent de mille feux \u00e0 nouveau. Visites guid\u00e9es pour voir le centre historique e l&#039;\u00e9glise\" \/>\n<meta property=\"og:url\" content=\"https:\/\/avalencia.com\/fr\/leglise-de-saint-nicolas-de-valencia\/\" \/>\n<meta property=\"og:site_name\" content=\"AVALENCIA\" \/>\n<meta property=\"article:publisher\" content=\"https:\/\/www.facebook.com\/angela.marisoler\" \/>\n<meta property=\"article:author\" content=\"www.facebook.com\/angela.marisoler\" \/>\n<meta property=\"article:published_time\" content=\"2020-05-05T14:45:46+00:00\" \/>\n<meta property=\"article:modified_time\" content=\"2022-08-18T18:54:30+00:00\" \/>\n<meta property=\"og:image\" content=\"https:\/\/avalencia.com\/wp-content\/uploads\/2022\/08\/destacada-Iglesia-de-San-Nicolas-18.webp\" \/>\n\t<meta property=\"og:image:width\" content=\"950\" \/>\n\t<meta property=\"og:image:height\" content=\"637\" \/>\n\t<meta property=\"og:image:type\" content=\"image\/webp\" \/>\n<meta name=\"author\" content=\"Angela Mar\u00ed\" \/>\n<meta name=\"twitter:card\" content=\"summary_large_image\" \/>\n<meta name=\"twitter:creator\" content=\"@https:\/\/twitter.com\/GuiaAvalencia\" \/>\n<meta name=\"twitter:site\" content=\"@angelamari400\" \/>\n<meta name=\"twitter:label1\" content=\"Written by\" \/>\n\t<meta name=\"twitter:data1\" content=\"Angela Mar\u00ed\" \/>\n\t<meta name=\"twitter:label2\" content=\"Est. reading time\" \/>\n\t<meta name=\"twitter:data2\" content=\"4 minutes\" \/>\n<script type=\"application\/ld+json\" class=\"yoast-schema-graph\">{\"@context\":\"https:\/\/schema.org\",\"@graph\":[{\"@type\":\"Article\",\"@id\":\"https:\/\/avalencia.com\/fr\/leglise-de-saint-nicolas-de-valencia\/#article\",\"isPartOf\":{\"@id\":\"https:\/\/avalencia.com\/fr\/leglise-de-saint-nicolas-de-valencia\/\"},\"author\":{\"name\":\"Angela Mar\u00ed\",\"@id\":\"https:\/\/avalencia.com\/fr\/#\/schema\/person\/74ce956856cc62eb244be68602e9f6b8\"},\"headline\":\"L&#8217;\u00c9glise de Saint Nicolas de Valencia\",\"datePublished\":\"2020-05-05T14:45:46+00:00\",\"dateModified\":\"2022-08-18T18:54:30+00:00\",\"mainEntityOfPage\":{\"@id\":\"https:\/\/avalencia.com\/fr\/leglise-de-saint-nicolas-de-valencia\/\"},\"wordCount\":392,\"publisher\":{\"@id\":\"https:\/\/avalencia.com\/fr\/#organization\"},\"image\":{\"@id\":\"https:\/\/avalencia.com\/fr\/leglise-de-saint-nicolas-de-valencia\/#primaryimage\"},\"thumbnailUrl\":\"https:\/\/avalencia.com\/wp-content\/uploads\/2022\/08\/destacada-Iglesia-de-San-Nicolas-18.webp\",\"articleSection\":[\"Visites guid\u00e9es \u00e0 Valencia\"],\"inLanguage\":\"fr-FR\"},{\"@type\":\"WebPage\",\"@id\":\"https:\/\/avalencia.com\/fr\/leglise-de-saint-nicolas-de-valencia\/\",\"url\":\"https:\/\/avalencia.com\/fr\/leglise-de-saint-nicolas-de-valencia\/\",\"name\":\"L'\u00c9glise de Saint Nicolas de Valencia - Visites guid\u00e9es - AVALENCIA\",\"isPartOf\":{\"@id\":\"https:\/\/avalencia.com\/fr\/#website\"},\"primaryImageOfPage\":{\"@id\":\"https:\/\/avalencia.com\/fr\/leglise-de-saint-nicolas-de-valencia\/#primaryimage\"},\"image\":{\"@id\":\"https:\/\/avalencia.com\/fr\/leglise-de-saint-nicolas-de-valencia\/#primaryimage\"},\"thumbnailUrl\":\"https:\/\/avalencia.com\/wp-content\/uploads\/2022\/08\/destacada-Iglesia-de-San-Nicolas-18.webp\",\"datePublished\":\"2020-05-05T14:45:46+00:00\",\"dateModified\":\"2022-08-18T18:54:30+00:00\",\"description\":\"Les fresques de l'\u00c9glise de Saint Nicolas de Valencia brillent de mille feux \u00e0 nouveau. Visites guid\u00e9es pour voir le centre historique e l'\u00e9glise\",\"breadcrumb\":{\"@id\":\"https:\/\/avalencia.com\/fr\/leglise-de-saint-nicolas-de-valencia\/#breadcrumb\"},\"inLanguage\":\"fr-FR\",\"potentialAction\":[{\"@type\":\"ReadAction\",\"target\":[\"https:\/\/avalencia.com\/fr\/leglise-de-saint-nicolas-de-valencia\/\"]}]},{\"@type\":\"ImageObject\",\"inLanguage\":\"fr-FR\",\"@id\":\"https:\/\/avalencia.com\/fr\/leglise-de-saint-nicolas-de-valencia\/#primaryimage\",\"url\":\"https:\/\/avalencia.com\/wp-content\/uploads\/2022\/08\/destacada-Iglesia-de-San-Nicolas-18.webp\",\"contentUrl\":\"https:\/\/avalencia.com\/wp-content\/uploads\/2022\/08\/destacada-Iglesia-de-San-Nicolas-18.webp\",\"width\":950,\"height\":637},{\"@type\":\"BreadcrumbList\",\"@id\":\"https:\/\/avalencia.com\/fr\/leglise-de-saint-nicolas-de-valencia\/#breadcrumb\",\"itemListElement\":[{\"@type\":\"ListItem\",\"position\":1,\"name\":\"Portada\",\"item\":\"https:\/\/avalencia.com\/fr\/\"},{\"@type\":\"ListItem\",\"position\":2,\"name\":\"L&#8217;\u00c9glise de Saint Nicolas de Valencia\"}]},{\"@type\":\"WebSite\",\"@id\":\"https:\/\/avalencia.com\/fr\/#website\",\"url\":\"https:\/\/avalencia.com\/fr\/\",\"name\":\"AVALENCIA\",\"description\":\"Visitas culturales por Valencia y alrededores\",\"publisher\":{\"@id\":\"https:\/\/avalencia.com\/fr\/#organization\"},\"potentialAction\":[{\"@type\":\"SearchAction\",\"target\":{\"@type\":\"EntryPoint\",\"urlTemplate\":\"https:\/\/avalencia.com\/fr\/?s={search_term_string}\"},\"query-input\":{\"@type\":\"PropertyValueSpecification\",\"valueRequired\":true,\"valueName\":\"search_term_string\"}}],\"inLanguage\":\"fr-FR\"},{\"@type\":\"Organization\",\"@id\":\"https:\/\/avalencia.com\/fr\/#organization\",\"name\":\"Gu\u00eda Valencia\",\"url\":\"https:\/\/avalencia.com\/fr\/\",\"logo\":{\"@type\":\"ImageObject\",\"inLanguage\":\"fr-FR\",\"@id\":\"https:\/\/avalencia.com\/fr\/#\/schema\/logo\/image\/\",\"url\":\"\",\"contentUrl\":\"\",\"caption\":\"Gu\u00eda Valencia\"},\"image\":{\"@id\":\"https:\/\/avalencia.com\/fr\/#\/schema\/logo\/image\/\"},\"sameAs\":[\"https:\/\/www.facebook.com\/angela.marisoler\",\"https:\/\/x.com\/angelamari400\",\"https:\/\/www.instagram.com\/angelamarisoler\/\",\"https:\/\/www.linkedin.com\/feed\/?trk=guest_homepage-basic_sign-in-submit\",\"https:\/\/www.youtube.com\/channel\/UC4bWyTV2CWI65Qf0r1pjuXg?view_as=subscriber\"]},{\"@type\":\"Person\",\"@id\":\"https:\/\/avalencia.com\/fr\/#\/schema\/person\/74ce956856cc62eb244be68602e9f6b8\",\"name\":\"Angela Mar\u00ed\",\"image\":{\"@type\":\"ImageObject\",\"inLanguage\":\"fr-FR\",\"@id\":\"https:\/\/avalencia.com\/fr\/#\/schema\/person\/image\/\",\"url\":\"https:\/\/secure.gravatar.com\/avatar\/ed61a19cd30dccfdfbd01b90817c0aba?s=96&d=mm&r=g\",\"contentUrl\":\"https:\/\/secure.gravatar.com\/avatar\/ed61a19cd30dccfdfbd01b90817c0aba?s=96&d=mm&r=g\",\"caption\":\"Angela Mar\u00ed\"},\"sameAs\":[\"http:\/\/www.avalencia.com\",\"www.facebook.com\/angela.marisoler\",\"www.instagram.com\/angelamarisoler\/?hl=es\",\"www.linkedin.com\/in\/angela-mari-soler-899a1062\",\"https:\/\/x.com\/https:\/\/twitter.com\/GuiaAvalencia\",\"https:\/\/www.youtube.com\/channel\/UC4bWyTV2CWI65Qf0r1pjuXg?view_as=subscriber\"],\"url\":\"https:\/\/avalencia.com\/fr\/author\/angelaadm\/\"}]}<\/script>\n<!-- \/ Yoast SEO plugin. -->","yoast_head_json":{"title":"L'\u00c9glise de Saint Nicolas de Valencia - Visites guid\u00e9es - AVALENCIA","description":"Les fresques de l'\u00c9glise de Saint Nicolas de Valencia brillent de mille feux \u00e0 nouveau. Visites guid\u00e9es pour voir le centre historique e l'\u00e9glise","robots":{"index":"index","follow":"follow","max-snippet":"max-snippet:-1","max-image-preview":"max-image-preview:large","max-video-preview":"max-video-preview:-1"},"canonical":"https:\/\/avalencia.com\/fr\/leglise-de-saint-nicolas-de-valencia\/","og_locale":"fr_FR","og_type":"article","og_title":"L'\u00c9glise de Saint Nicolas de Valencia - Visites guid\u00e9es - AVALENCIA","og_description":"Les fresques de l'\u00c9glise de Saint Nicolas de Valencia brillent de mille feux \u00e0 nouveau. Visites guid\u00e9es pour voir le centre historique e l'\u00e9glise","og_url":"https:\/\/avalencia.com\/fr\/leglise-de-saint-nicolas-de-valencia\/","og_site_name":"AVALENCIA","article_publisher":"https:\/\/www.facebook.com\/angela.marisoler","article_author":"www.facebook.com\/angela.marisoler","article_published_time":"2020-05-05T14:45:46+00:00","article_modified_time":"2022-08-18T18:54:30+00:00","og_image":[{"width":950,"height":637,"url":"https:\/\/avalencia.com\/wp-content\/uploads\/2022\/08\/destacada-Iglesia-de-San-Nicolas-18.webp","type":"image\/webp"}],"author":"Angela Mar\u00ed","twitter_card":"summary_large_image","twitter_creator":"@https:\/\/twitter.com\/GuiaAvalencia","twitter_site":"@angelamari400","twitter_misc":{"Written by":"Angela Mar\u00ed","Est. reading time":"4 minutes"},"schema":{"@context":"https:\/\/schema.org","@graph":[{"@type":"Article","@id":"https:\/\/avalencia.com\/fr\/leglise-de-saint-nicolas-de-valencia\/#article","isPartOf":{"@id":"https:\/\/avalencia.com\/fr\/leglise-de-saint-nicolas-de-valencia\/"},"author":{"name":"Angela Mar\u00ed","@id":"https:\/\/avalencia.com\/fr\/#\/schema\/person\/74ce956856cc62eb244be68602e9f6b8"},"headline":"L&#8217;\u00c9glise de Saint Nicolas de Valencia","datePublished":"2020-05-05T14:45:46+00:00","dateModified":"2022-08-18T18:54:30+00:00","mainEntityOfPage":{"@id":"https:\/\/avalencia.com\/fr\/leglise-de-saint-nicolas-de-valencia\/"},"wordCount":392,"publisher":{"@id":"https:\/\/avalencia.com\/fr\/#organization"},"image":{"@id":"https:\/\/avalencia.com\/fr\/leglise-de-saint-nicolas-de-valencia\/#primaryimage"},"thumbnailUrl":"https:\/\/avalencia.com\/wp-content\/uploads\/2022\/08\/destacada-Iglesia-de-San-Nicolas-18.webp","articleSection":["Visites guid\u00e9es \u00e0 Valencia"],"inLanguage":"fr-FR"},{"@type":"WebPage","@id":"https:\/\/avalencia.com\/fr\/leglise-de-saint-nicolas-de-valencia\/","url":"https:\/\/avalencia.com\/fr\/leglise-de-saint-nicolas-de-valencia\/","name":"L'\u00c9glise de Saint Nicolas de Valencia - Visites guid\u00e9es - AVALENCIA","isPartOf":{"@id":"https:\/\/avalencia.com\/fr\/#website"},"primaryImageOfPage":{"@id":"https:\/\/avalencia.com\/fr\/leglise-de-saint-nicolas-de-valencia\/#primaryimage"},"image":{"@id":"https:\/\/avalencia.com\/fr\/leglise-de-saint-nicolas-de-valencia\/#primaryimage"},"thumbnailUrl":"https:\/\/avalencia.com\/wp-content\/uploads\/2022\/08\/destacada-Iglesia-de-San-Nicolas-18.webp","datePublished":"2020-05-05T14:45:46+00:00","dateModified":"2022-08-18T18:54:30+00:00","description":"Les fresques de l'\u00c9glise de Saint Nicolas de Valencia brillent de mille feux \u00e0 nouveau. Visites guid\u00e9es pour voir le centre historique e l'\u00e9glise","breadcrumb":{"@id":"https:\/\/avalencia.com\/fr\/leglise-de-saint-nicolas-de-valencia\/#breadcrumb"},"inLanguage":"fr-FR","potentialAction":[{"@type":"ReadAction","target":["https:\/\/avalencia.com\/fr\/leglise-de-saint-nicolas-de-valencia\/"]}]},{"@type":"ImageObject","inLanguage":"fr-FR","@id":"https:\/\/avalencia.com\/fr\/leglise-de-saint-nicolas-de-valencia\/#primaryimage","url":"https:\/\/avalencia.com\/wp-content\/uploads\/2022\/08\/destacada-Iglesia-de-San-Nicolas-18.webp","contentUrl":"https:\/\/avalencia.com\/wp-content\/uploads\/2022\/08\/destacada-Iglesia-de-San-Nicolas-18.webp","width":950,"height":637},{"@type":"BreadcrumbList","@id":"https:\/\/avalencia.com\/fr\/leglise-de-saint-nicolas-de-valencia\/#breadcrumb","itemListElement":[{"@type":"ListItem","position":1,"name":"Portada","item":"https:\/\/avalencia.com\/fr\/"},{"@type":"ListItem","position":2,"name":"L&#8217;\u00c9glise de Saint Nicolas de Valencia"}]},{"@type":"WebSite","@id":"https:\/\/avalencia.com\/fr\/#website","url":"https:\/\/avalencia.com\/fr\/","name":"AVALENCIA","description":"Visitas culturales por Valencia y alrededores","publisher":{"@id":"https:\/\/avalencia.com\/fr\/#organization"},"potentialAction":[{"@type":"SearchAction","target":{"@type":"EntryPoint","urlTemplate":"https:\/\/avalencia.com\/fr\/?s={search_term_string}"},"query-input":{"@type":"PropertyValueSpecification","valueRequired":true,"valueName":"search_term_string"}}],"inLanguage":"fr-FR"},{"@type":"Organization","@id":"https:\/\/avalencia.com\/fr\/#organization","name":"Gu\u00eda Valencia","url":"https:\/\/avalencia.com\/fr\/","logo":{"@type":"ImageObject","inLanguage":"fr-FR","@id":"https:\/\/avalencia.com\/fr\/#\/schema\/logo\/image\/","url":"","contentUrl":"","caption":"Gu\u00eda Valencia"},"image":{"@id":"https:\/\/avalencia.com\/fr\/#\/schema\/logo\/image\/"},"sameAs":["https:\/\/www.facebook.com\/angela.marisoler","https:\/\/x.com\/angelamari400","https:\/\/www.instagram.com\/angelamarisoler\/","https:\/\/www.linkedin.com\/feed\/?trk=guest_homepage-basic_sign-in-submit","https:\/\/www.youtube.com\/channel\/UC4bWyTV2CWI65Qf0r1pjuXg?view_as=subscriber"]},{"@type":"Person","@id":"https:\/\/avalencia.com\/fr\/#\/schema\/person\/74ce956856cc62eb244be68602e9f6b8","name":"Angela Mar\u00ed","image":{"@type":"ImageObject","inLanguage":"fr-FR","@id":"https:\/\/avalencia.com\/fr\/#\/schema\/person\/image\/","url":"https:\/\/secure.gravatar.com\/avatar\/ed61a19cd30dccfdfbd01b90817c0aba?s=96&d=mm&r=g","contentUrl":"https:\/\/secure.gravatar.com\/avatar\/ed61a19cd30dccfdfbd01b90817c0aba?s=96&d=mm&r=g","caption":"Angela Mar\u00ed"},"sameAs":["http:\/\/www.avalencia.com","www.facebook.com\/angela.marisoler","www.instagram.com\/angelamarisoler\/?hl=es","www.linkedin.com\/in\/angela-mari-soler-899a1062","https:\/\/x.com\/https:\/\/twitter.com\/GuiaAvalencia","https:\/\/www.youtube.com\/channel\/UC4bWyTV2CWI65Qf0r1pjuXg?view_as=subscriber"],"url":"https:\/\/avalencia.com\/fr\/author\/angelaadm\/"}]}},"featured_image_src":"https:\/\/avalencia.com\/wp-content\/uploads\/2022\/08\/destacada-Iglesia-de-San-Nicolas-18-600x400.webp","featured_image_src_square":"https:\/\/avalencia.com\/wp-content\/uploads\/2022\/08\/destacada-Iglesia-de-San-Nicolas-18-600x600.webp","author_info":{"display_name":"Angela Mar\u00ed","author_link":"https:\/\/avalencia.com\/fr\/author\/angelaadm\/"},"_links":{"self":[{"href":"https:\/\/avalencia.com\/fr\/wp-json\/wp\/v2\/posts\/6784","targetHints":{"allow":["GET"]}}],"collection":[{"href":"https:\/\/avalencia.com\/fr\/wp-json\/wp\/v2\/posts"}],"about":[{"href":"https:\/\/avalencia.com\/fr\/wp-json\/wp\/v2\/types\/post"}],"author":[{"embeddable":true,"href":"https:\/\/avalencia.com\/fr\/wp-json\/wp\/v2\/users\/3"}],"replies":[{"embeddable":true,"href":"https:\/\/avalencia.com\/fr\/wp-json\/wp\/v2\/comments?post=6784"}],"version-history":[{"count":0,"href":"https:\/\/avalencia.com\/fr\/wp-json\/wp\/v2\/posts\/6784\/revisions"}],"wp:featuredmedia":[{"embeddable":true,"href":"https:\/\/avalencia.com\/fr\/wp-json\/wp\/v2\/media\/17933"}],"wp:attachment":[{"href":"https:\/\/avalencia.com\/fr\/wp-json\/wp\/v2\/media?parent=6784"}],"wp:term":[{"taxonomy":"category","embeddable":true,"href":"https:\/\/avalencia.com\/fr\/wp-json\/wp\/v2\/categories?post=6784"},{"taxonomy":"post_tag","embeddable":true,"href":"https:\/\/avalencia.com\/fr\/wp-json\/wp\/v2\/tags?post=6784"}],"curies":[{"name":"wp","href":"https:\/\/api.w.org\/{rel}","templated":true}]}}