{"id":6791,"date":"2020-05-05T15:07:55","date_gmt":"2020-05-05T15:07:55","guid":{"rendered":"https:\/\/avalencia.com\/?p=6791"},"modified":"2022-08-18T18:50:51","modified_gmt":"2022-08-18T18:50:51","slug":"chiesa-di-san-nicola-di-bari-e-san-pietro-martire-valencia","status":"publish","type":"post","link":"https:\/\/avalencia.com\/it\/chiesa-di-san-nicola-di-bari-e-san-pietro-martire-valencia\/","title":{"rendered":"Chiesa di San Nicola di Bari e San Pietro Martire Valencia"},"content":{"rendered":"\n<h4 class=\"wp-block-heading\"><em><strong>Chiesa di San Nicola di Bari e San Pietro Martire Valencia<\/strong><\/em><\/h4>\n\n\n\n<p><a href=\"https:\/\/it.m.wikipedia.org\/wiki\/Chiesa_di_San_Nicola_di_Bari_e_San_Pietro_Martire\" target=\"_blank\" rel=\"noopener noreferrer\">CHIESA DI SAN NICOLA,<\/a> gli affreschi della Chiesa di San Nicola di Bari e San Pedro Martire Valencia, sono riportati alla luce dopo i lavori di restauro finito nel 2016.<\/p>\n\n\n\n<figure class=\"wp-block-gallery has-nested-images columns-default is-cropped wp-block-gallery-1 is-layout-flex wp-block-gallery-is-layout-flex\">\n<figure class=\"wp-block-image size-large\"><a href=\"https:\/\/avalencia.com\/wp-content\/uploads\/2018\/05\/Iglesia-de-San-Nicolas-8.webp\"><img decoding=\"async\" width=\"637\" height=\"950\" data-id=\"17978\" src=\"https:\/\/avalencia.com\/wp-content\/uploads\/2018\/05\/Iglesia-de-San-Nicolas-8.webp\" alt=\"\" class=\"wp-image-17978\" srcset=\"https:\/\/avalencia.com\/wp-content\/uploads\/2018\/05\/Iglesia-de-San-Nicolas-8.webp 637w, https:\/\/avalencia.com\/wp-content\/uploads\/2018\/05\/Iglesia-de-San-Nicolas-8-201x300.webp 201w, https:\/\/avalencia.com\/wp-content\/uploads\/2018\/05\/Iglesia-de-San-Nicolas-8-527x786.webp 527w, https:\/\/avalencia.com\/wp-content\/uploads\/2018\/05\/Iglesia-de-San-Nicolas-8-473x705.webp 473w\" sizes=\"(max-width: 637px) 100vw, 637px\" \/><\/a><\/figure>\n\n\n\n<figure class=\"wp-block-image size-large\"><a href=\"https:\/\/avalencia.com\/wp-content\/uploads\/2018\/05\/Iglesia-de-San-Nicolas-1.webp\"><img decoding=\"async\" width=\"950\" height=\"638\" data-id=\"17943\" src=\"https:\/\/avalencia.com\/wp-content\/uploads\/2018\/05\/Iglesia-de-San-Nicolas-1.webp\" alt=\"\" class=\"wp-image-17943\" srcset=\"https:\/\/avalencia.com\/wp-content\/uploads\/2018\/05\/Iglesia-de-San-Nicolas-1.webp 950w, https:\/\/avalencia.com\/wp-content\/uploads\/2018\/05\/Iglesia-de-San-Nicolas-1-300x201.webp 300w, https:\/\/avalencia.com\/wp-content\/uploads\/2018\/05\/Iglesia-de-San-Nicolas-1-768x516.webp 768w, https:\/\/avalencia.com\/wp-content\/uploads\/2018\/05\/Iglesia-de-San-Nicolas-1-705x473.webp 705w\" sizes=\"(max-width: 950px) 100vw, 950px\" \/><\/a><\/figure>\n\n\n\n<figure class=\"wp-block-image size-large\"><a href=\"https:\/\/avalencia.com\/wp-content\/uploads\/2018\/05\/Iglesia-de-San-Nicolas-2.webp\"><img decoding=\"async\" width=\"950\" height=\"638\" data-id=\"17948\" src=\"https:\/\/avalencia.com\/wp-content\/uploads\/2018\/05\/Iglesia-de-San-Nicolas-2.webp\" alt=\"\" class=\"wp-image-17948\" srcset=\"https:\/\/avalencia.com\/wp-content\/uploads\/2018\/05\/Iglesia-de-San-Nicolas-2.webp 950w, https:\/\/avalencia.com\/wp-content\/uploads\/2018\/05\/Iglesia-de-San-Nicolas-2-300x201.webp 300w, https:\/\/avalencia.com\/wp-content\/uploads\/2018\/05\/Iglesia-de-San-Nicolas-2-768x516.webp 768w, https:\/\/avalencia.com\/wp-content\/uploads\/2018\/05\/Iglesia-de-San-Nicolas-2-705x473.webp 705w\" sizes=\"(max-width: 950px) 100vw, 950px\" \/><\/a><\/figure>\n\n\n\n<figure class=\"wp-block-image size-large\"><a href=\"https:\/\/avalencia.com\/wp-content\/uploads\/2018\/05\/Iglesia-de-San-Nicolas-3.webp\"><img decoding=\"async\" width=\"950\" height=\"638\" data-id=\"17953\" src=\"https:\/\/avalencia.com\/wp-content\/uploads\/2018\/05\/Iglesia-de-San-Nicolas-3.webp\" alt=\"\" class=\"wp-image-17953\" srcset=\"https:\/\/avalencia.com\/wp-content\/uploads\/2018\/05\/Iglesia-de-San-Nicolas-3.webp 950w, https:\/\/avalencia.com\/wp-content\/uploads\/2018\/05\/Iglesia-de-San-Nicolas-3-300x201.webp 300w, https:\/\/avalencia.com\/wp-content\/uploads\/2018\/05\/Iglesia-de-San-Nicolas-3-768x516.webp 768w, https:\/\/avalencia.com\/wp-content\/uploads\/2018\/05\/Iglesia-de-San-Nicolas-3-705x473.webp 705w\" sizes=\"(max-width: 950px) 100vw, 950px\" \/><\/a><\/figure>\n\n\n\n<figure class=\"wp-block-image size-large\"><a href=\"https:\/\/avalencia.com\/wp-content\/uploads\/2018\/05\/Iglesia-de-San-Nicolas-4.webp\"><img decoding=\"async\" width=\"950\" height=\"638\" data-id=\"17958\" src=\"https:\/\/avalencia.com\/wp-content\/uploads\/2018\/05\/Iglesia-de-San-Nicolas-4.webp\" alt=\"\" class=\"wp-image-17958\" srcset=\"https:\/\/avalencia.com\/wp-content\/uploads\/2018\/05\/Iglesia-de-San-Nicolas-4.webp 950w, https:\/\/avalencia.com\/wp-content\/uploads\/2018\/05\/Iglesia-de-San-Nicolas-4-300x201.webp 300w, https:\/\/avalencia.com\/wp-content\/uploads\/2018\/05\/Iglesia-de-San-Nicolas-4-768x516.webp 768w, https:\/\/avalencia.com\/wp-content\/uploads\/2018\/05\/Iglesia-de-San-Nicolas-4-705x473.webp 705w\" sizes=\"(max-width: 950px) 100vw, 950px\" \/><\/a><\/figure>\n\n\n\n<figure class=\"wp-block-image size-large\"><a href=\"https:\/\/avalencia.com\/wp-content\/uploads\/2018\/05\/Iglesia-de-San-Nicolas-5.webp\"><img decoding=\"async\" width=\"950\" height=\"638\" data-id=\"17963\" src=\"https:\/\/avalencia.com\/wp-content\/uploads\/2018\/05\/Iglesia-de-San-Nicolas-5.webp\" alt=\"\" class=\"wp-image-17963\" srcset=\"https:\/\/avalencia.com\/wp-content\/uploads\/2018\/05\/Iglesia-de-San-Nicolas-5.webp 950w, https:\/\/avalencia.com\/wp-content\/uploads\/2018\/05\/Iglesia-de-San-Nicolas-5-300x201.webp 300w, https:\/\/avalencia.com\/wp-content\/uploads\/2018\/05\/Iglesia-de-San-Nicolas-5-768x516.webp 768w, https:\/\/avalencia.com\/wp-content\/uploads\/2018\/05\/Iglesia-de-San-Nicolas-5-705x473.webp 705w\" sizes=\"(max-width: 950px) 100vw, 950px\" \/><\/a><\/figure>\n\n\n\n<figure class=\"wp-block-image size-large\"><a href=\"https:\/\/avalencia.com\/wp-content\/uploads\/2018\/05\/Iglesia-de-San-Nicolas-6.webp\"><img decoding=\"async\" width=\"950\" height=\"638\" data-id=\"17968\" src=\"https:\/\/avalencia.com\/wp-content\/uploads\/2018\/05\/Iglesia-de-San-Nicolas-6.webp\" alt=\"\" class=\"wp-image-17968\" srcset=\"https:\/\/avalencia.com\/wp-content\/uploads\/2018\/05\/Iglesia-de-San-Nicolas-6.webp 950w, https:\/\/avalencia.com\/wp-content\/uploads\/2018\/05\/Iglesia-de-San-Nicolas-6-300x201.webp 300w, https:\/\/avalencia.com\/wp-content\/uploads\/2018\/05\/Iglesia-de-San-Nicolas-6-768x516.webp 768w, https:\/\/avalencia.com\/wp-content\/uploads\/2018\/05\/Iglesia-de-San-Nicolas-6-705x473.webp 705w\" sizes=\"(max-width: 950px) 100vw, 950px\" \/><\/a><\/figure>\n\n\n\n<figure class=\"wp-block-image size-large\"><a href=\"https:\/\/avalencia.com\/wp-content\/uploads\/2018\/05\/Iglesia-de-San-Nicolas-9.webp\"><img decoding=\"async\" width=\"950\" height=\"637\" data-id=\"17983\" src=\"https:\/\/avalencia.com\/wp-content\/uploads\/2018\/05\/Iglesia-de-San-Nicolas-9.webp\" alt=\"\" class=\"wp-image-17983\" srcset=\"https:\/\/avalencia.com\/wp-content\/uploads\/2018\/05\/Iglesia-de-San-Nicolas-9.webp 950w, https:\/\/avalencia.com\/wp-content\/uploads\/2018\/05\/Iglesia-de-San-Nicolas-9-300x201.webp 300w, https:\/\/avalencia.com\/wp-content\/uploads\/2018\/05\/Iglesia-de-San-Nicolas-9-768x515.webp 768w, https:\/\/avalencia.com\/wp-content\/uploads\/2018\/05\/Iglesia-de-San-Nicolas-9-705x473.webp 705w\" sizes=\"(max-width: 950px) 100vw, 950px\" \/><\/a><\/figure>\n\n\n\n<figure class=\"wp-block-image size-large\"><a href=\"https:\/\/avalencia.com\/wp-content\/uploads\/2018\/05\/Iglesia-de-San-Nicolas-10.webp\"><img decoding=\"async\" width=\"950\" height=\"703\" data-id=\"17988\" src=\"https:\/\/avalencia.com\/wp-content\/uploads\/2018\/05\/Iglesia-de-San-Nicolas-10.webp\" alt=\"\" class=\"wp-image-17988\" srcset=\"https:\/\/avalencia.com\/wp-content\/uploads\/2018\/05\/Iglesia-de-San-Nicolas-10.webp 950w, https:\/\/avalencia.com\/wp-content\/uploads\/2018\/05\/Iglesia-de-San-Nicolas-10-300x222.webp 300w, https:\/\/avalencia.com\/wp-content\/uploads\/2018\/05\/Iglesia-de-San-Nicolas-10-768x568.webp 768w, https:\/\/avalencia.com\/wp-content\/uploads\/2018\/05\/Iglesia-de-San-Nicolas-10-705x522.webp 705w\" sizes=\"(max-width: 950px) 100vw, 950px\" \/><\/a><\/figure>\n\n\n\n<figure class=\"wp-block-image size-large\"><a href=\"https:\/\/avalencia.com\/wp-content\/uploads\/2018\/05\/Iglesia-de-San-Nicolas-11.webp\"><img decoding=\"async\" width=\"950\" height=\"637\" data-id=\"17993\" src=\"https:\/\/avalencia.com\/wp-content\/uploads\/2018\/05\/Iglesia-de-San-Nicolas-11.webp\" alt=\"\" class=\"wp-image-17993\" srcset=\"https:\/\/avalencia.com\/wp-content\/uploads\/2018\/05\/Iglesia-de-San-Nicolas-11.webp 950w, https:\/\/avalencia.com\/wp-content\/uploads\/2018\/05\/Iglesia-de-San-Nicolas-11-300x201.webp 300w, https:\/\/avalencia.com\/wp-content\/uploads\/2018\/05\/Iglesia-de-San-Nicolas-11-768x515.webp 768w, https:\/\/avalencia.com\/wp-content\/uploads\/2018\/05\/Iglesia-de-San-Nicolas-11-705x473.webp 705w\" sizes=\"(max-width: 950px) 100vw, 950px\" \/><\/a><\/figure>\n<\/figure>\n\n\n\n<h4 class=\"wp-block-heading\">Lavori di ristauro<\/h4>\n\n\n\n<p>Il restauro, coordinato dal Politecnico con il finanziamento della <a href=\"https:\/\/www.fundacionhortensiaherrero.org\/quienes-somos\/\" target=\"_blank\" rel=\"noopener noreferrer\"><strong>Fondazione Hortensia Herrero<\/strong><\/a>, recupera i dipinti originali di Dion\u00eds Vidal.<br>La citt\u00e0 di Valencia ha portato alla luce la sua &#8220;Cappella Sistina&#8221; con la riabilitazione degli affreschi nella Chiesa di San Nicol\u00e1s. Quasi 2.000 metri quadri di dipinti. Dopo tre anni di lavoro e l&#8217;uso delle tecniche pi\u00f9 avanzate, hanno trasformato questo posto in un &#8220;tempio di fede e creativit\u00e0&#8221;.<\/p>\n\n\n\n<h4 class=\"wp-block-heading\">Origine<\/h4>\n\n\n\n<p>L&#8217;origine di San Nicol\u00e1s risale a una chiesa gotica costruita nel XIII secolo e che faceva parte delle cosiddette prime dodici parrocchie cristiane nella citt\u00e0 di Valencia.&nbsp;<\/p>\n\n\n\n<p>Il primitivo edificio fu rinnovato su iniziativa dell&#8217;allora rettore della parrocchia Alfonso de Borja (che sarebbe papa Calixto III) in stile gotico tra il 1419 e il 1455.<\/p>\n\n\n\n<p>L&#8217;architetto P\u00e9rez Castiel,&nbsp; (uno degli architetti della cattedrale di Valencia) inizi\u00f2 il restauro della chiesa di San Nicol\u00e1s nel 1693 seguendo i gusti estetici del barocco.<\/p>\n\n\n\n<p>Ora la chiesa costituisce il miglior esempio di convivenza di un tempio con una struttura gotica del XV secolo con decorazione barocca del XVII secolo.&nbsp; Durante la Guerra Civile la chiesa sub\u00ed numerosi danni e saccheggi.<\/p>\n\n\n\n<p>I dipinti murali furono realizzati da Dionis Vidal, seguendo &#8220;gli schizzi&#8221; del suo maestro Antonio Palomino, autore anche degli affreschi nella cupola principale della Basilica della Virgen de los Desamparados.<\/p>\n\n\n\n<p>Questo impressionante murale si distingue non solo per la sua bellezza, ma anche per la sua natura narrativa, poich\u00e9 la navata \u00e8 concettualmente divisa in due: una parte racconta la vita di San Nicola e l&#8217;altra quella di San Pietro Martire, i due santi un a cui \u00e8 dedicata la chiesa.<\/p>\n\n\n\n<p>Prezzo di entrata &#8230;. 3,50 \u20ac<\/p>\n\n\n\n<p class=\"has-text-align-center\"><iframe src=\"https:\/\/www.youtube.com\/embed\/gDwsBZb9KIo\" width=\"500\" height=\"300\" frameborder=\"0\" allowfullscreen=\"allowfullscreen\"><\/iframe><\/p>\n\n\n\n<div class=\"wp-block-buttons is-horizontal is-content-justification-center is-layout-flex wp-container-core-buttons-is-layout-1 wp-block-buttons-is-layout-flex\">\n<div class=\"wp-block-button\"><a class=\"wp-block-button__link\">Contattatemi<\/a><\/div>\n<\/div>\n\n\n\n<p><\/p>\n","protected":false},"excerpt":{"rendered":"<p>Chiesa di San Nicola di Bari e San Pietro Martire Valencia CHIESA DI SAN NICOLA, gli affreschi della Chiesa di San Nicola di Bari e San Pedro Martire Valencia, sono riportati alla luce dopo i lavori di restauro finito nel 2016. Lavori di ristauro Il restauro, coordinato dal Politecnico con il finanziamento della Fondazione Hortensia [&hellip;]<\/p>\n","protected":false},"author":3,"featured_media":17935,"comment_status":"closed","ping_status":"open","sticky":false,"template":"","format":"standard","meta":{"footnotes":""},"categories":[111],"tags":[],"class_list":["post-6791","post","type-post","status-publish","format-standard","has-post-thumbnail","hentry","category-visite-guidate-a-valencia"],"yoast_head":"<!-- This site is optimized with the Yoast SEO plugin v26.8 - https:\/\/yoast.com\/product\/yoast-seo-wordpress\/ -->\n<title>Chiesa di San Nicola di Bari e San Pietro Martire Valencia - AVALENCIA<\/title>\n<meta name=\"description\" content=\"Gli affreschi della Chiesa di San Nicola di Bari e San Pietro Martire a Valencia, sono riportati alla luce, visita questa chiesa con me!\" \/>\n<meta name=\"robots\" content=\"index, follow, max-snippet:-1, max-image-preview:large, max-video-preview:-1\" \/>\n<link rel=\"canonical\" href=\"https:\/\/avalencia.com\/it\/chiesa-di-san-nicola-di-bari-e-san-pietro-martire-valencia\/\" \/>\n<meta property=\"og:locale\" content=\"it_IT\" \/>\n<meta property=\"og:type\" content=\"article\" \/>\n<meta property=\"og:title\" content=\"Chiesa di San Nicola di Bari e San Pietro Martire Valencia - AVALENCIA\" \/>\n<meta property=\"og:description\" content=\"Gli affreschi della Chiesa di San Nicola di Bari e San Pietro Martire a Valencia, sono riportati alla luce, visita questa chiesa con me!\" \/>\n<meta property=\"og:url\" content=\"https:\/\/avalencia.com\/it\/chiesa-di-san-nicola-di-bari-e-san-pietro-martire-valencia\/\" \/>\n<meta property=\"og:site_name\" content=\"AVALENCIA\" \/>\n<meta property=\"article:publisher\" content=\"https:\/\/www.facebook.com\/angela.marisoler\" \/>\n<meta property=\"article:author\" content=\"www.facebook.com\/angela.marisoler\" \/>\n<meta property=\"article:published_time\" content=\"2020-05-05T15:07:55+00:00\" \/>\n<meta property=\"article:modified_time\" content=\"2022-08-18T18:50:51+00:00\" \/>\n<meta property=\"og:image\" content=\"https:\/\/avalencia.com\/wp-content\/uploads\/2022\/08\/destacada-Iglesia-de-San-Nicolas-18.webp\" \/>\n\t<meta property=\"og:image:width\" content=\"950\" \/>\n\t<meta property=\"og:image:height\" content=\"637\" \/>\n\t<meta property=\"og:image:type\" content=\"image\/webp\" \/>\n<meta name=\"author\" content=\"Angela Mar\u00ed\" \/>\n<meta name=\"twitter:card\" content=\"summary_large_image\" \/>\n<meta name=\"twitter:creator\" content=\"@https:\/\/twitter.com\/GuiaAvalencia\" \/>\n<meta name=\"twitter:site\" content=\"@angelamari400\" \/>\n<meta name=\"twitter:label1\" content=\"Written by\" \/>\n\t<meta name=\"twitter:data1\" content=\"Angela Mar\u00ed\" \/>\n\t<meta name=\"twitter:label2\" content=\"Est. reading time\" \/>\n\t<meta name=\"twitter:data2\" content=\"4 minutes\" \/>\n<script type=\"application\/ld+json\" class=\"yoast-schema-graph\">{\"@context\":\"https:\/\/schema.org\",\"@graph\":[{\"@type\":\"Article\",\"@id\":\"https:\/\/avalencia.com\/it\/chiesa-di-san-nicola-di-bari-e-san-pietro-martire-valencia\/#article\",\"isPartOf\":{\"@id\":\"https:\/\/avalencia.com\/it\/chiesa-di-san-nicola-di-bari-e-san-pietro-martire-valencia\/\"},\"author\":{\"name\":\"Angela Mar\u00ed\",\"@id\":\"https:\/\/avalencia.com\/it\/#\/schema\/person\/74ce956856cc62eb244be68602e9f6b8\"},\"headline\":\"Chiesa di San Nicola di Bari e San Pietro Martire Valencia\",\"datePublished\":\"2020-05-05T15:07:55+00:00\",\"dateModified\":\"2022-08-18T18:50:51+00:00\",\"mainEntityOfPage\":{\"@id\":\"https:\/\/avalencia.com\/it\/chiesa-di-san-nicola-di-bari-e-san-pietro-martire-valencia\/\"},\"wordCount\":328,\"publisher\":{\"@id\":\"https:\/\/avalencia.com\/it\/#organization\"},\"image\":{\"@id\":\"https:\/\/avalencia.com\/it\/chiesa-di-san-nicola-di-bari-e-san-pietro-martire-valencia\/#primaryimage\"},\"thumbnailUrl\":\"https:\/\/avalencia.com\/wp-content\/uploads\/2022\/08\/destacada-Iglesia-de-San-Nicolas-18.webp\",\"articleSection\":[\"Visite guidate a Valencia\"],\"inLanguage\":\"it-IT\"},{\"@type\":\"WebPage\",\"@id\":\"https:\/\/avalencia.com\/it\/chiesa-di-san-nicola-di-bari-e-san-pietro-martire-valencia\/\",\"url\":\"https:\/\/avalencia.com\/it\/chiesa-di-san-nicola-di-bari-e-san-pietro-martire-valencia\/\",\"name\":\"Chiesa di San Nicola di Bari e San Pietro Martire Valencia - AVALENCIA\",\"isPartOf\":{\"@id\":\"https:\/\/avalencia.com\/it\/#website\"},\"primaryImageOfPage\":{\"@id\":\"https:\/\/avalencia.com\/it\/chiesa-di-san-nicola-di-bari-e-san-pietro-martire-valencia\/#primaryimage\"},\"image\":{\"@id\":\"https:\/\/avalencia.com\/it\/chiesa-di-san-nicola-di-bari-e-san-pietro-martire-valencia\/#primaryimage\"},\"thumbnailUrl\":\"https:\/\/avalencia.com\/wp-content\/uploads\/2022\/08\/destacada-Iglesia-de-San-Nicolas-18.webp\",\"datePublished\":\"2020-05-05T15:07:55+00:00\",\"dateModified\":\"2022-08-18T18:50:51+00:00\",\"description\":\"Gli affreschi della Chiesa di San Nicola di Bari e San Pietro Martire a Valencia, sono riportati alla luce, visita questa chiesa con me!\",\"breadcrumb\":{\"@id\":\"https:\/\/avalencia.com\/it\/chiesa-di-san-nicola-di-bari-e-san-pietro-martire-valencia\/#breadcrumb\"},\"inLanguage\":\"it-IT\",\"potentialAction\":[{\"@type\":\"ReadAction\",\"target\":[\"https:\/\/avalencia.com\/it\/chiesa-di-san-nicola-di-bari-e-san-pietro-martire-valencia\/\"]}]},{\"@type\":\"ImageObject\",\"inLanguage\":\"it-IT\",\"@id\":\"https:\/\/avalencia.com\/it\/chiesa-di-san-nicola-di-bari-e-san-pietro-martire-valencia\/#primaryimage\",\"url\":\"https:\/\/avalencia.com\/wp-content\/uploads\/2022\/08\/destacada-Iglesia-de-San-Nicolas-18.webp\",\"contentUrl\":\"https:\/\/avalencia.com\/wp-content\/uploads\/2022\/08\/destacada-Iglesia-de-San-Nicolas-18.webp\",\"width\":950,\"height\":637},{\"@type\":\"BreadcrumbList\",\"@id\":\"https:\/\/avalencia.com\/it\/chiesa-di-san-nicola-di-bari-e-san-pietro-martire-valencia\/#breadcrumb\",\"itemListElement\":[{\"@type\":\"ListItem\",\"position\":1,\"name\":\"Portada\",\"item\":\"https:\/\/avalencia.com\/it\/\"},{\"@type\":\"ListItem\",\"position\":2,\"name\":\"Chiesa di San Nicola di Bari e San Pietro Martire Valencia\"}]},{\"@type\":\"WebSite\",\"@id\":\"https:\/\/avalencia.com\/it\/#website\",\"url\":\"https:\/\/avalencia.com\/it\/\",\"name\":\"AVALENCIA\",\"description\":\"Visitas culturales por Valencia y alrededores\",\"publisher\":{\"@id\":\"https:\/\/avalencia.com\/it\/#organization\"},\"potentialAction\":[{\"@type\":\"SearchAction\",\"target\":{\"@type\":\"EntryPoint\",\"urlTemplate\":\"https:\/\/avalencia.com\/it\/?s={search_term_string}\"},\"query-input\":{\"@type\":\"PropertyValueSpecification\",\"valueRequired\":true,\"valueName\":\"search_term_string\"}}],\"inLanguage\":\"it-IT\"},{\"@type\":\"Organization\",\"@id\":\"https:\/\/avalencia.com\/it\/#organization\",\"name\":\"Gu\u00eda Valencia\",\"url\":\"https:\/\/avalencia.com\/it\/\",\"logo\":{\"@type\":\"ImageObject\",\"inLanguage\":\"it-IT\",\"@id\":\"https:\/\/avalencia.com\/it\/#\/schema\/logo\/image\/\",\"url\":\"\",\"contentUrl\":\"\",\"caption\":\"Gu\u00eda Valencia\"},\"image\":{\"@id\":\"https:\/\/avalencia.com\/it\/#\/schema\/logo\/image\/\"},\"sameAs\":[\"https:\/\/www.facebook.com\/angela.marisoler\",\"https:\/\/x.com\/angelamari400\",\"https:\/\/www.instagram.com\/angelamarisoler\/\",\"https:\/\/www.linkedin.com\/feed\/?trk=guest_homepage-basic_sign-in-submit\",\"https:\/\/www.youtube.com\/channel\/UC4bWyTV2CWI65Qf0r1pjuXg?view_as=subscriber\"]},{\"@type\":\"Person\",\"@id\":\"https:\/\/avalencia.com\/it\/#\/schema\/person\/74ce956856cc62eb244be68602e9f6b8\",\"name\":\"Angela Mar\u00ed\",\"image\":{\"@type\":\"ImageObject\",\"inLanguage\":\"it-IT\",\"@id\":\"https:\/\/avalencia.com\/it\/#\/schema\/person\/image\/\",\"url\":\"https:\/\/secure.gravatar.com\/avatar\/ed61a19cd30dccfdfbd01b90817c0aba?s=96&d=mm&r=g\",\"contentUrl\":\"https:\/\/secure.gravatar.com\/avatar\/ed61a19cd30dccfdfbd01b90817c0aba?s=96&d=mm&r=g\",\"caption\":\"Angela Mar\u00ed\"},\"sameAs\":[\"http:\/\/www.avalencia.com\",\"www.facebook.com\/angela.marisoler\",\"www.instagram.com\/angelamarisoler\/?hl=es\",\"www.linkedin.com\/in\/angela-mari-soler-899a1062\",\"https:\/\/x.com\/https:\/\/twitter.com\/GuiaAvalencia\",\"https:\/\/www.youtube.com\/channel\/UC4bWyTV2CWI65Qf0r1pjuXg?view_as=subscriber\"],\"url\":\"https:\/\/avalencia.com\/it\/author\/angelaadm\/\"}]}<\/script>\n<!-- \/ Yoast SEO plugin. -->","yoast_head_json":{"title":"Chiesa di San Nicola di Bari e San Pietro Martire Valencia - AVALENCIA","description":"Gli affreschi della Chiesa di San Nicola di Bari e San Pietro Martire a Valencia, sono riportati alla luce, visita questa chiesa con me!","robots":{"index":"index","follow":"follow","max-snippet":"max-snippet:-1","max-image-preview":"max-image-preview:large","max-video-preview":"max-video-preview:-1"},"canonical":"https:\/\/avalencia.com\/it\/chiesa-di-san-nicola-di-bari-e-san-pietro-martire-valencia\/","og_locale":"it_IT","og_type":"article","og_title":"Chiesa di San Nicola di Bari e San Pietro Martire Valencia - AVALENCIA","og_description":"Gli affreschi della Chiesa di San Nicola di Bari e San Pietro Martire a Valencia, sono riportati alla luce, visita questa chiesa con me!","og_url":"https:\/\/avalencia.com\/it\/chiesa-di-san-nicola-di-bari-e-san-pietro-martire-valencia\/","og_site_name":"AVALENCIA","article_publisher":"https:\/\/www.facebook.com\/angela.marisoler","article_author":"www.facebook.com\/angela.marisoler","article_published_time":"2020-05-05T15:07:55+00:00","article_modified_time":"2022-08-18T18:50:51+00:00","og_image":[{"width":950,"height":637,"url":"https:\/\/avalencia.com\/wp-content\/uploads\/2022\/08\/destacada-Iglesia-de-San-Nicolas-18.webp","type":"image\/webp"}],"author":"Angela Mar\u00ed","twitter_card":"summary_large_image","twitter_creator":"@https:\/\/twitter.com\/GuiaAvalencia","twitter_site":"@angelamari400","twitter_misc":{"Written by":"Angela Mar\u00ed","Est. reading time":"4 minutes"},"schema":{"@context":"https:\/\/schema.org","@graph":[{"@type":"Article","@id":"https:\/\/avalencia.com\/it\/chiesa-di-san-nicola-di-bari-e-san-pietro-martire-valencia\/#article","isPartOf":{"@id":"https:\/\/avalencia.com\/it\/chiesa-di-san-nicola-di-bari-e-san-pietro-martire-valencia\/"},"author":{"name":"Angela Mar\u00ed","@id":"https:\/\/avalencia.com\/it\/#\/schema\/person\/74ce956856cc62eb244be68602e9f6b8"},"headline":"Chiesa di San Nicola di Bari e San Pietro Martire Valencia","datePublished":"2020-05-05T15:07:55+00:00","dateModified":"2022-08-18T18:50:51+00:00","mainEntityOfPage":{"@id":"https:\/\/avalencia.com\/it\/chiesa-di-san-nicola-di-bari-e-san-pietro-martire-valencia\/"},"wordCount":328,"publisher":{"@id":"https:\/\/avalencia.com\/it\/#organization"},"image":{"@id":"https:\/\/avalencia.com\/it\/chiesa-di-san-nicola-di-bari-e-san-pietro-martire-valencia\/#primaryimage"},"thumbnailUrl":"https:\/\/avalencia.com\/wp-content\/uploads\/2022\/08\/destacada-Iglesia-de-San-Nicolas-18.webp","articleSection":["Visite guidate a Valencia"],"inLanguage":"it-IT"},{"@type":"WebPage","@id":"https:\/\/avalencia.com\/it\/chiesa-di-san-nicola-di-bari-e-san-pietro-martire-valencia\/","url":"https:\/\/avalencia.com\/it\/chiesa-di-san-nicola-di-bari-e-san-pietro-martire-valencia\/","name":"Chiesa di San Nicola di Bari e San Pietro Martire Valencia - AVALENCIA","isPartOf":{"@id":"https:\/\/avalencia.com\/it\/#website"},"primaryImageOfPage":{"@id":"https:\/\/avalencia.com\/it\/chiesa-di-san-nicola-di-bari-e-san-pietro-martire-valencia\/#primaryimage"},"image":{"@id":"https:\/\/avalencia.com\/it\/chiesa-di-san-nicola-di-bari-e-san-pietro-martire-valencia\/#primaryimage"},"thumbnailUrl":"https:\/\/avalencia.com\/wp-content\/uploads\/2022\/08\/destacada-Iglesia-de-San-Nicolas-18.webp","datePublished":"2020-05-05T15:07:55+00:00","dateModified":"2022-08-18T18:50:51+00:00","description":"Gli affreschi della Chiesa di San Nicola di Bari e San Pietro Martire a Valencia, sono riportati alla luce, visita questa chiesa con me!","breadcrumb":{"@id":"https:\/\/avalencia.com\/it\/chiesa-di-san-nicola-di-bari-e-san-pietro-martire-valencia\/#breadcrumb"},"inLanguage":"it-IT","potentialAction":[{"@type":"ReadAction","target":["https:\/\/avalencia.com\/it\/chiesa-di-san-nicola-di-bari-e-san-pietro-martire-valencia\/"]}]},{"@type":"ImageObject","inLanguage":"it-IT","@id":"https:\/\/avalencia.com\/it\/chiesa-di-san-nicola-di-bari-e-san-pietro-martire-valencia\/#primaryimage","url":"https:\/\/avalencia.com\/wp-content\/uploads\/2022\/08\/destacada-Iglesia-de-San-Nicolas-18.webp","contentUrl":"https:\/\/avalencia.com\/wp-content\/uploads\/2022\/08\/destacada-Iglesia-de-San-Nicolas-18.webp","width":950,"height":637},{"@type":"BreadcrumbList","@id":"https:\/\/avalencia.com\/it\/chiesa-di-san-nicola-di-bari-e-san-pietro-martire-valencia\/#breadcrumb","itemListElement":[{"@type":"ListItem","position":1,"name":"Portada","item":"https:\/\/avalencia.com\/it\/"},{"@type":"ListItem","position":2,"name":"Chiesa di San Nicola di Bari e San Pietro Martire Valencia"}]},{"@type":"WebSite","@id":"https:\/\/avalencia.com\/it\/#website","url":"https:\/\/avalencia.com\/it\/","name":"AVALENCIA","description":"Visitas culturales por Valencia y alrededores","publisher":{"@id":"https:\/\/avalencia.com\/it\/#organization"},"potentialAction":[{"@type":"SearchAction","target":{"@type":"EntryPoint","urlTemplate":"https:\/\/avalencia.com\/it\/?s={search_term_string}"},"query-input":{"@type":"PropertyValueSpecification","valueRequired":true,"valueName":"search_term_string"}}],"inLanguage":"it-IT"},{"@type":"Organization","@id":"https:\/\/avalencia.com\/it\/#organization","name":"Gu\u00eda Valencia","url":"https:\/\/avalencia.com\/it\/","logo":{"@type":"ImageObject","inLanguage":"it-IT","@id":"https:\/\/avalencia.com\/it\/#\/schema\/logo\/image\/","url":"","contentUrl":"","caption":"Gu\u00eda Valencia"},"image":{"@id":"https:\/\/avalencia.com\/it\/#\/schema\/logo\/image\/"},"sameAs":["https:\/\/www.facebook.com\/angela.marisoler","https:\/\/x.com\/angelamari400","https:\/\/www.instagram.com\/angelamarisoler\/","https:\/\/www.linkedin.com\/feed\/?trk=guest_homepage-basic_sign-in-submit","https:\/\/www.youtube.com\/channel\/UC4bWyTV2CWI65Qf0r1pjuXg?view_as=subscriber"]},{"@type":"Person","@id":"https:\/\/avalencia.com\/it\/#\/schema\/person\/74ce956856cc62eb244be68602e9f6b8","name":"Angela Mar\u00ed","image":{"@type":"ImageObject","inLanguage":"it-IT","@id":"https:\/\/avalencia.com\/it\/#\/schema\/person\/image\/","url":"https:\/\/secure.gravatar.com\/avatar\/ed61a19cd30dccfdfbd01b90817c0aba?s=96&d=mm&r=g","contentUrl":"https:\/\/secure.gravatar.com\/avatar\/ed61a19cd30dccfdfbd01b90817c0aba?s=96&d=mm&r=g","caption":"Angela Mar\u00ed"},"sameAs":["http:\/\/www.avalencia.com","www.facebook.com\/angela.marisoler","www.instagram.com\/angelamarisoler\/?hl=es","www.linkedin.com\/in\/angela-mari-soler-899a1062","https:\/\/x.com\/https:\/\/twitter.com\/GuiaAvalencia","https:\/\/www.youtube.com\/channel\/UC4bWyTV2CWI65Qf0r1pjuXg?view_as=subscriber"],"url":"https:\/\/avalencia.com\/it\/author\/angelaadm\/"}]}},"featured_image_src":"https:\/\/avalencia.com\/wp-content\/uploads\/2022\/08\/destacada-Iglesia-de-San-Nicolas-18-600x400.webp","featured_image_src_square":"https:\/\/avalencia.com\/wp-content\/uploads\/2022\/08\/destacada-Iglesia-de-San-Nicolas-18-600x600.webp","author_info":{"display_name":"Angela Mar\u00ed","author_link":"https:\/\/avalencia.com\/it\/author\/angelaadm\/"},"_links":{"self":[{"href":"https:\/\/avalencia.com\/it\/wp-json\/wp\/v2\/posts\/6791","targetHints":{"allow":["GET"]}}],"collection":[{"href":"https:\/\/avalencia.com\/it\/wp-json\/wp\/v2\/posts"}],"about":[{"href":"https:\/\/avalencia.com\/it\/wp-json\/wp\/v2\/types\/post"}],"author":[{"embeddable":true,"href":"https:\/\/avalencia.com\/it\/wp-json\/wp\/v2\/users\/3"}],"replies":[{"embeddable":true,"href":"https:\/\/avalencia.com\/it\/wp-json\/wp\/v2\/comments?post=6791"}],"version-history":[{"count":0,"href":"https:\/\/avalencia.com\/it\/wp-json\/wp\/v2\/posts\/6791\/revisions"}],"wp:featuredmedia":[{"embeddable":true,"href":"https:\/\/avalencia.com\/it\/wp-json\/wp\/v2\/media\/17935"}],"wp:attachment":[{"href":"https:\/\/avalencia.com\/it\/wp-json\/wp\/v2\/media?parent=6791"}],"wp:term":[{"taxonomy":"category","embeddable":true,"href":"https:\/\/avalencia.com\/it\/wp-json\/wp\/v2\/categories?post=6791"},{"taxonomy":"post_tag","embeddable":true,"href":"https:\/\/avalencia.com\/it\/wp-json\/wp\/v2\/tags?post=6791"}],"curies":[{"name":"wp","href":"https:\/\/api.w.org\/{rel}","templated":true}]}}